{"id":382053,"date":"2015-04-22T06:13:00","date_gmt":"2015-04-22T03:13:00","guid":{"rendered":"https:\/\/analyse.optim.biz\/?p=382053"},"modified":"2015-04-22T06:13:00","modified_gmt":"2015-04-22T03:13:00","slug":"primele-sanctiuni-dupa-aparitia-imaginilor-cu-adrian-sarbu-liber-pe-strada","status":"publish","type":"post","link":"https:\/\/analyse.optim.biz\/?p=382053","title":{"rendered":"Primele sanc\u0163iuni dup\u0103 apari\u0163ia imaginilor cu Adrian S\u00e2rbu liber pe strad\u0103!"},"content":{"rendered":"<div class=\"description\" data-key=\"description\">Adrian S\u00e2rbu are parte de tratament privilegiat din partea Poli\u0163iei. Aceasta a fost surprins plimb\u00e2ndu-se f\u0103r\u0103 c\u0103tu\u015fe prin Bucure\u015fti, de\u015fi se afl\u0103 oficial \u00een arest preventiv<\/div>\n<div class=\"articleBody\" data-key=\"articleBody\">Adrian S\u00e2rbu are parte de tratament privilegiat din partea Poli\u0163iei. Aceasta a fost surprins plimb\u00e2ndu-se f\u0103r\u0103 c\u0103tu\u015fe prin Bucure\u015fti, de\u015fi se afl\u0103 oficial \u00een arest preventiv<br \/>\n\u00cen exclusivitate, mar\u0163i, la emisiunea Sinteza Zilei, Antena3, au fost prezentate mai multe imagini cu S\u00e2rbu cum intr\u0103 al\u0103turi de un poli\u0163ist \u00eentr-o vil\u0103 din cartierul Prim\u0103verii.\u00a0 La doar c\u00e2teva ore de la difuzarea imaginilor, se pare c\u0103 autorit\u0103\u0163ile s-au sesizat.<br \/>\nCei de la IGPR au dispus cercetarea disciplinar\u0103 a mai multor cadre care se ocup\u0103 de transportarea persoanelor private de libertate \u00een urma arestului preventiv \u015fi s-a ajuns la concluzia c\u0103 s-ar fi \u00eenc\u0103lcat dispozi\u0163iile IGPR, mai exact, modalitatea prin care o persoan\u0103 este transportat\u0103.<br \/>\nMotivul pentru care acesta a fost transportat \u015fi scos din arestul preventiv: se pare c\u0103 acest lucru s-a \u00eent\u00e2mplat pe 04.04 \u015fi 18.04, pentru tratament stomatologic. <\/div>\n<p> Source URL: https:\/\/observatornews.ro\/politic\/primele-sanctiuni-dupa-aparitia-imaginilor-cu-adrian-sarbu-liber-pe-strada-150621.html<\/p>\n","protected":false},"excerpt":{"rendered":"<p>Adrian S\u00e2rbu are parte de tratament privilegiat din partea Poli\u0163iei. Aceasta a fost surprins plimb\u00e2ndu-se f\u0103r\u0103 c\u0103tu\u015fe prin Bucure\u015fti, de\u015fi se afl\u0103 oficial \u00een arest preventiv Adrian S\u00e2rbu are parte de tratament privilegiat din partea Poli\u0163iei. Aceasta a fost surprins plimb\u00e2ndu-se f\u0103r\u0103 c\u0103tu\u015fe prin Bucure\u015fti, de\u015fi se afl\u0103 oficial \u00een arest preventiv \u00cen exclusivitate, mar\u0163i, [&hellip;]<\/p>\n","protected":false},"author":1,"featured_media":0,"comment_status":"open","ping_status":"","sticky":false,"template":"","format":"standard","meta":{"footnotes":""},"categories":[2],"tags":[30],"class_list":["post-382053","post","type-post","status-publish","format-standard","hentry","category-politics","tag-observatornews-ro"],"_links":{"self":[{"href":"https:\/\/analyse.optim.biz\/index.php?rest_route=\/wp\/v2\/posts\/382053","targetHints":{"allow":["GET"]}}],"collection":[{"href":"https:\/\/analyse.optim.biz\/index.php?rest_route=\/wp\/v2\/posts"}],"about":[{"href":"https:\/\/analyse.optim.biz\/index.php?rest_route=\/wp\/v2\/types\/post"}],"author":[{"embeddable":true,"href":"https:\/\/analyse.optim.biz\/index.php?rest_route=\/wp\/v2\/users\/1"}],"replies":[{"embeddable":true,"href":"https:\/\/analyse.optim.biz\/index.php?rest_route=%2Fwp%2Fv2%2Fcomments&post=382053"}],"version-history":[{"count":0,"href":"https:\/\/analyse.optim.biz\/index.php?rest_route=\/wp\/v2\/posts\/382053\/revisions"}],"wp:attachment":[{"href":"https:\/\/analyse.optim.biz\/index.php?rest_route=%2Fwp%2Fv2%2Fmedia&parent=382053"}],"wp:term":[{"taxonomy":"category","embeddable":true,"href":"https:\/\/analyse.optim.biz\/index.php?rest_route=%2Fwp%2Fv2%2Fcategories&post=382053"},{"taxonomy":"post_tag","embeddable":true,"href":"https:\/\/analyse.optim.biz\/index.php?rest_route=%2Fwp%2Fv2%2Ftags&post=382053"}],"curies":[{"name":"wp","href":"https:\/\/api.w.org\/{rel}","templated":true}]}}