{"id":381891,"date":"2015-04-25T13:56:00","date_gmt":"2015-04-25T10:56:00","guid":{"rendered":"https:\/\/analyse.optim.biz\/?p=381891"},"modified":"2015-04-25T13:56:00","modified_gmt":"2015-04-25T10:56:00","slug":"senatorul-alexandru-cordos-s-a-autosupendat-din-functiile-detinute-in-psd","status":"publish","type":"post","link":"https:\/\/analyse.optim.biz\/?p=381891","title":{"rendered":"Senatorul Alexandru Cordo\u0219 s-a autosupendat din func\u021biile de\u021binute \u00een PSD"},"content":{"rendered":"<div class=\"description\" data-key=\"description\">Senatorul social-democrat Alexandru Cordo\u0219 a anun\u021bat s\u00e2mb\u0103t\u0103 c\u0103 se autosuspend\u0103 din toate func\u021biile de\u021binute \u00een PSD<\/div>\n<div class=\"articleBody\" data-key=\"articleBody\">Senatorul social-democrat Alexandru Cordo\u0219 a anun\u021bat s\u00e2mb\u0103t\u0103 c\u0103 se autosuspend\u0103 din toate func\u021biile de\u021binute \u00een PSD<br \/>\n&#8220;M\u0103 autosuspend pentru a nu implica PSD \u00een situa\u021bia juridic\u0103 pe care o voi clarifica \u00een justi\u021bie. Am \u00eencredere \u00een justi\u021bie&#8221;, a anun\u021bat senatorul Alexandru Cordo\u0219 prin intermediul unui comunicat de pres\u0103 transmis s\u00e2mb\u0103t\u0103 Agerpres.<br \/>\nDecizia senatorului clujean vine dup\u0103 ce \u00cenalta Curte de Casa\u021bie \u0219i Justi\u021bie a decis vineri, la propunerea DNA, arestarea preventiv\u0103 pentru 30 de zile a Mihaielei Lucia Cordo\u0219, so\u021bia sa, acuzat\u0103 de trafic de influen\u021b\u0103 \u00een form\u0103 continuat\u0103.<br \/>\nDecizia nu este definitiv\u0103 \u0219i poate fi contestat\u0103.<br \/>\n\u00cen acela\u0219i dosar este urm\u0103rit penal \u0219i senatorul Alexandru Cordo\u0219, dar \u0219i fiica sa, Andreea Alexandra Cordo\u0219, pentru complicitate la trafic de influen\u021b\u0103 \u00een form\u0103 continuat\u0103.<br \/>\nAlexandru Cordo\u0219 se afl\u0103 la al doilea mandat \u00een Parlamentul Rom\u00e2niei. El a ocupat \u00een perioada 1994 \u2014 2008 func\u021bia de vicepre\u0219edinte al Organiza\u021biei Municipale Cluj-Napoca, iar din 2008 p\u00e2n\u0103 \u00een prezent func\u021bia de pre\u0219edinte executiv al organiza\u021biei jude\u021bene a PSD Cluj. El era \u0219i membru \u00een Consiliul Na\u021bional al PSD.\n<\/div>\n<p> Source URL: https:\/\/observatornews.ro\/politic\/senatorul-alexandru-cordo-sa-autosupendat-din-funciile-deinute-in-psd-150865.html<\/p>\n","protected":false},"excerpt":{"rendered":"<p>Senatorul social-democrat Alexandru Cordo\u0219 a anun\u021bat s\u00e2mb\u0103t\u0103 c\u0103 se autosuspend\u0103 din toate func\u021biile de\u021binute \u00een PSD Senatorul social-democrat Alexandru Cordo\u0219 a anun\u021bat s\u00e2mb\u0103t\u0103 c\u0103 se autosuspend\u0103 din toate func\u021biile de\u021binute \u00een PSD &#8220;M\u0103 autosuspend pentru a nu implica PSD \u00een situa\u021bia juridic\u0103 pe care o voi clarifica \u00een justi\u021bie. Am \u00eencredere \u00een justi\u021bie&#8221;, a anun\u021bat [&hellip;]<\/p>\n","protected":false},"author":1,"featured_media":0,"comment_status":"open","ping_status":"","sticky":false,"template":"","format":"standard","meta":{"footnotes":""},"categories":[2],"tags":[30],"class_list":["post-381891","post","type-post","status-publish","format-standard","hentry","category-politics","tag-observatornews-ro"],"_links":{"self":[{"href":"https:\/\/analyse.optim.biz\/index.php?rest_route=\/wp\/v2\/posts\/381891","targetHints":{"allow":["GET"]}}],"collection":[{"href":"https:\/\/analyse.optim.biz\/index.php?rest_route=\/wp\/v2\/posts"}],"about":[{"href":"https:\/\/analyse.optim.biz\/index.php?rest_route=\/wp\/v2\/types\/post"}],"author":[{"embeddable":true,"href":"https:\/\/analyse.optim.biz\/index.php?rest_route=\/wp\/v2\/users\/1"}],"replies":[{"embeddable":true,"href":"https:\/\/analyse.optim.biz\/index.php?rest_route=%2Fwp%2Fv2%2Fcomments&post=381891"}],"version-history":[{"count":0,"href":"https:\/\/analyse.optim.biz\/index.php?rest_route=\/wp\/v2\/posts\/381891\/revisions"}],"wp:attachment":[{"href":"https:\/\/analyse.optim.biz\/index.php?rest_route=%2Fwp%2Fv2%2Fmedia&parent=381891"}],"wp:term":[{"taxonomy":"category","embeddable":true,"href":"https:\/\/analyse.optim.biz\/index.php?rest_route=%2Fwp%2Fv2%2Fcategories&post=381891"},{"taxonomy":"post_tag","embeddable":true,"href":"https:\/\/analyse.optim.biz\/index.php?rest_route=%2Fwp%2Fv2%2Ftags&post=381891"}],"curies":[{"name":"wp","href":"https:\/\/api.w.org\/{rel}","templated":true}]}}