{"id":381845,"date":"2015-04-28T11:23:00","date_gmt":"2015-04-28T08:23:00","guid":{"rendered":"https:\/\/analyse.optim.biz\/?p=381845"},"modified":"2015-04-28T11:23:00","modified_gmt":"2015-04-28T08:23:00","slug":"dna-cere-arestarea-preventiva-in-lipsa-fata-de-marko-attila","status":"publish","type":"post","link":"https:\/\/analyse.optim.biz\/?p=381845","title":{"rendered":"DNA cere arestarea preventiv\u0103 \u00een lips\u0103 fa\u021b\u0103 de Marko Attila"},"content":{"rendered":"<div class=\"description\" data-key=\"description\">Procurorii DNA au propus luarea m\u0103surii arest\u0103rii preventive \u00een lips\u0103, pentru 30 de zile, fa\u021b\u0103 de fostul deputat Marko Attila, secretar de stat la Secretariatul General al Guvernului &#8211; Departamentul pentru rela\u021bii interetnice la data comiterii faptelor, \u00een dosarul ANRP<\/div>\n<div class=\"articleBody\" data-key=\"articleBody\">Procurorii DNA au propus luarea m\u0103surii arest\u0103rii preventive \u00een lips\u0103, pentru 30 de zile, fa\u021b\u0103 de fostul deputat Marko Attila, secretar de stat la Secretariatul General al Guvernului &#8211; Departamentul pentru rela\u021bii interetnice la data comiterii faptelor, \u00een dosarul ANRP<br \/>\nEl este acuzat de abuz \u00een serviciu, cu consecin\u021be deosebit de grave, dac\u0103 func\u021bionarul public a ob\u021binut un folos necuvenit pentru sine sau pentru altul (3 infrac\u021biuni).<br \/>\n&#8220;Av\u00e2nd \u00een vedere c\u0103, \u00een prezent, rechizitoriul \u0219i dosarul de urm\u0103rire penal\u0103 se afl\u0103 \u00een procedura de camer\u0103 preliminar\u0103 la \u00cenalta Curte de Casa\u021bie \u0219i Justi\u021bie, propunerea de luare a m\u0103surii de arestare \u00een lips\u0103 a fost \u00eenaintat\u0103, la 28 aprilie, aceleia\u0219i instan\u021be de judecat\u0103&#8221;, se arat\u0103 \u00eentr-un comunicat al DNA transmis mar\u021bi Agerpres.<br \/>\n\u00cen 9 aprilie, Marko Attila a fost trimis \u00een judecat\u0103 al\u0103turi de al\u021bi 7 inculpa\u021bi, printre care \u0219i fostul \u0219ef al ANI Horia Georgescu, care la data faptelor f\u0103ceau parte din Comisia Central\u0103 pentru Stabilirea Desp\u0103gubirilor din cadrul Autorit\u0103\u021bii Na\u021bionale pentru Restituirea Propriet\u0103\u021bilor (ANRP), precum \u0219i 4 inculpa\u021bi care aveau calitatea de exper\u021bi evaluatori autoriza\u021bi.<br \/>\nPotrivit rechizitoriului \u00eentocmit de procurori, prin ac\u021biunile sau inac\u021biunile lor inten\u021bionate, cei 12 inculpa\u021bi au produs un prejudiciu bugetului statului rom\u00e2n de peste 84,5 milioane euro.<br \/>\n&#8220;Din ansamblul activit\u0103\u021bilor investigative desf\u0103\u0219urate p\u00e2n\u0103 la momentul emiterii rechizitoriului, a rezultat c\u0103 inculpatul Marko Attila-Gabor s-a sustras activit\u0103\u021bilor de urm\u0103rire penal\u0103, p\u0103r\u0103sind teritoriul Rom\u00e2niei, nefiind audiat. La 26 martie, s-a solicitat Parlamentului Rom\u00e2niei \u2014 Camera Deputa\u021bilor \u00eencuviin\u021barea re\u021binerii \u0219i arest\u0103rii preventive a inculpatului Marko Attila. La 22 aprilie, Parlamentul Rom\u00e2niei \u2014 Camera Deputa\u021bilor a transmis DNA adresa nr. 1\/1296\/VZ din 16.04.2015, prin care a \u00een\u0219tiin\u021bat c\u0103 Marko Attila-Gabor \u0219i-a depus demisia din func\u021bia de deputat \u00eencep\u00e2nd cu 1 aprilie 2015. La 16 aprilie, pre\u0219edintele Camerei Deputa\u021bilor a luat act de aceast\u0103 demisie, prin urmare solicitarea de \u00eencuviin\u021bare a re\u021binerii \u0219i arest\u0103rii preventive a r\u0103mas f\u0103r\u0103 obiect&#8221;, precizeaz\u0103 DNA.<br \/>\nSursa citat\u0103 men\u021bioneaz\u0103 c\u0103 actele de procedur\u0103 efectuate \u00een cauz\u0103 s-au desf\u0103\u0219urat \u00een prezen\u021ba ap\u0103r\u0103torilor ale\u0219i ai lui Marko Attila, participarea la aceast\u0103 activitate permi\u021b\u00e2ndu-le exercitarea efectiv\u0103 a dreptului la ap\u0103rare.<br \/>\nTotodat\u0103, la 8 aprilie, \u00een urma cererii formulate de ap\u0103r\u0103torul ales al lui Marko Attila, i-a fost predat unuia dintre avoca\u021bii inculpatului un suport optic con\u021bin\u00e2nd, \u00een format electronic, toate actele de urm\u0103rire penal\u0103 efectuate p\u00e2n\u0103 la data respectiv\u0103 \u00een dosarul penal.\n<\/div>\n<p> Source URL: https:\/\/observatornews.ro\/politic\/dna-cere-arestarea-preventiva-in-lipsa-faa-de-marko-attila-151038.html<\/p>\n","protected":false},"excerpt":{"rendered":"<p>Procurorii DNA au propus luarea m\u0103surii arest\u0103rii preventive \u00een lips\u0103, pentru 30 de zile, fa\u021b\u0103 de fostul deputat Marko Attila, secretar de stat la Secretariatul General al Guvernului &#8211; Departamentul pentru rela\u021bii interetnice la data comiterii faptelor, \u00een dosarul ANRP Procurorii DNA au propus luarea m\u0103surii arest\u0103rii preventive \u00een lips\u0103, pentru 30 de zile, fa\u021b\u0103 [&hellip;]<\/p>\n","protected":false},"author":1,"featured_media":0,"comment_status":"open","ping_status":"","sticky":false,"template":"","format":"standard","meta":{"footnotes":""},"categories":[2],"tags":[30],"class_list":["post-381845","post","type-post","status-publish","format-standard","hentry","category-politics","tag-observatornews-ro"],"_links":{"self":[{"href":"https:\/\/analyse.optim.biz\/index.php?rest_route=\/wp\/v2\/posts\/381845","targetHints":{"allow":["GET"]}}],"collection":[{"href":"https:\/\/analyse.optim.biz\/index.php?rest_route=\/wp\/v2\/posts"}],"about":[{"href":"https:\/\/analyse.optim.biz\/index.php?rest_route=\/wp\/v2\/types\/post"}],"author":[{"embeddable":true,"href":"https:\/\/analyse.optim.biz\/index.php?rest_route=\/wp\/v2\/users\/1"}],"replies":[{"embeddable":true,"href":"https:\/\/analyse.optim.biz\/index.php?rest_route=%2Fwp%2Fv2%2Fcomments&post=381845"}],"version-history":[{"count":0,"href":"https:\/\/analyse.optim.biz\/index.php?rest_route=\/wp\/v2\/posts\/381845\/revisions"}],"wp:attachment":[{"href":"https:\/\/analyse.optim.biz\/index.php?rest_route=%2Fwp%2Fv2%2Fmedia&parent=381845"}],"wp:term":[{"taxonomy":"category","embeddable":true,"href":"https:\/\/analyse.optim.biz\/index.php?rest_route=%2Fwp%2Fv2%2Fcategories&post=381845"},{"taxonomy":"post_tag","embeddable":true,"href":"https:\/\/analyse.optim.biz\/index.php?rest_route=%2Fwp%2Fv2%2Ftags&post=381845"}],"curies":[{"name":"wp","href":"https:\/\/api.w.org\/{rel}","templated":true}]}}