{"id":381812,"date":"2015-04-29T14:42:00","date_gmt":"2015-04-29T11:42:00","guid":{"rendered":"https:\/\/analyse.optim.biz\/?p=381812"},"modified":"2015-04-29T14:42:00","modified_gmt":"2015-04-29T11:42:00","slug":"marko-attila-arestat-preventiv-in-lipsa","status":"publish","type":"post","link":"https:\/\/analyse.optim.biz\/?p=381812","title":{"rendered":"Marko Attila, arestat preventiv \u00een lips\u0103"},"content":{"rendered":"<div class=\"description\" data-key=\"description\">\u00cenalta Curte de Casa\u021bie \u0219i Justi\u021biei a decis, miercuri, arestarea preventiv\u0103 \u00een lips\u0103, pentru 30 de zile, a fostului deputat Marko Attila, acuzat \u00een dosarul ANRP<\/div>\n<div class=\"articleBody\" data-key=\"articleBody\">\u00cenalta Curte de Casa\u021bie \u0219i Justi\u021biei a decis, miercuri, arestarea preventiv\u0103 \u00een lips\u0103, pentru 30 de zile, a fostului deputat Marko Attila, acuzat \u00een dosarul ANRP<br \/>\nInstan\u021ba Suprem\u0103 a admis propunerea procurorilor DNA de arestare preventiv\u0103 \u00een lips\u0103 a lui Marko Attila, secretar de stat la Secretariatul General al Guvernului \u2014 Departamentul pentru rela\u021bii interetnice la data comiterii faptelor.<br \/>\nDecizia nu este definitiv\u0103 \u0219i poate fi contestat\u0103.<\/div>\n<p> Source URL: https:\/\/observatornews.ro\/politic\/marko-attila-arestat-preventiv-in-lipsa-151136.html<\/p>\n","protected":false},"excerpt":{"rendered":"<p>\u00cenalta Curte de Casa\u021bie \u0219i Justi\u021biei a decis, miercuri, arestarea preventiv\u0103 \u00een lips\u0103, pentru 30 de zile, a fostului deputat Marko Attila, acuzat \u00een dosarul ANRP \u00cenalta Curte de Casa\u021bie \u0219i Justi\u021biei a decis, miercuri, arestarea preventiv\u0103 \u00een lips\u0103, pentru 30 de zile, a fostului deputat Marko Attila, acuzat \u00een dosarul ANRP Instan\u021ba Suprem\u0103 a [&hellip;]<\/p>\n","protected":false},"author":1,"featured_media":381814,"comment_status":"open","ping_status":"","sticky":false,"template":"","format":"standard","meta":{"footnotes":""},"categories":[2],"tags":[30],"class_list":["post-381812","post","type-post","status-publish","format-standard","has-post-thumbnail","hentry","category-politics","tag-observatornews-ro"],"_links":{"self":[{"href":"https:\/\/analyse.optim.biz\/index.php?rest_route=\/wp\/v2\/posts\/381812","targetHints":{"allow":["GET"]}}],"collection":[{"href":"https:\/\/analyse.optim.biz\/index.php?rest_route=\/wp\/v2\/posts"}],"about":[{"href":"https:\/\/analyse.optim.biz\/index.php?rest_route=\/wp\/v2\/types\/post"}],"author":[{"embeddable":true,"href":"https:\/\/analyse.optim.biz\/index.php?rest_route=\/wp\/v2\/users\/1"}],"replies":[{"embeddable":true,"href":"https:\/\/analyse.optim.biz\/index.php?rest_route=%2Fwp%2Fv2%2Fcomments&post=381812"}],"version-history":[{"count":0,"href":"https:\/\/analyse.optim.biz\/index.php?rest_route=\/wp\/v2\/posts\/381812\/revisions"}],"wp:featuredmedia":[{"embeddable":true,"href":"https:\/\/analyse.optim.biz\/index.php?rest_route=\/wp\/v2\/media\/381814"}],"wp:attachment":[{"href":"https:\/\/analyse.optim.biz\/index.php?rest_route=%2Fwp%2Fv2%2Fmedia&parent=381812"}],"wp:term":[{"taxonomy":"category","embeddable":true,"href":"https:\/\/analyse.optim.biz\/index.php?rest_route=%2Fwp%2Fv2%2Fcategories&post=381812"},{"taxonomy":"post_tag","embeddable":true,"href":"https:\/\/analyse.optim.biz\/index.php?rest_route=%2Fwp%2Fv2%2Ftags&post=381812"}],"curies":[{"name":"wp","href":"https:\/\/api.w.org\/{rel}","templated":true}]}}