{"id":381235,"date":"2015-05-15T06:14:00","date_gmt":"2015-05-15T03:14:00","guid":{"rendered":"https:\/\/analyse.optim.biz\/?p=381235"},"modified":"2015-05-15T06:14:00","modified_gmt":"2015-05-15T03:14:00","slug":"liviu-dragnea-condamnat-la-un-an-de-inchisoare-cu-suspendare","status":"publish","type":"post","link":"https:\/\/analyse.optim.biz\/?p=381235","title":{"rendered":"Liviu Dragnea, CONDAMNAT la un an de \u00eenchisoare cu suspendare!"},"content":{"rendered":"<div class=\"description\" data-key=\"description\">Ministrul Dezvolt\u0103rii \u015fi Administra\u0163iei, Liviu Dragnea, a fost condamnat la un an de \u00eenchisoare cu suspendare, \u00een dosarul privind fraude la referendumul din 2012, pentru demiterea pre\u015fedintelui Traian B\u0103sescu<\/div>\n<div class=\"articleBody\" data-key=\"articleBody\">\nMinistrul Dezvolt\u0103rii \u015fi Administra\u0163iei, Liviu Dragnea, a fost condamnat la un an de \u00eenchisoare cu suspendare, \u00een dosarul privind fraude la referendumul din 2012, pentru demiterea pre\u015fedintelui Traian B\u0103sescu<br \/>\nInstan\u021ba a dispus \u00een cazul lui Dragnea un termen de \u00eencercare de trei ani. Ceilal\u021bi 74 de inculpa\u021bi din dosar au fost fie achita\u021bi, fie condamna\u021bi la \u00eenchisoare cu suspendare.<br \/>\nDecizia nu este definitiv\u0103.<br \/>\nLiviu Dragnea a fost trimis \u00een judecat\u0103 de procurorii DNA pe 7 octombrie 2013, pentru s\u0103v\u00e2r\u0219irea infrac\u021biunii de folosire a influen\u021bei sau autorit\u0103\u021bii de c\u0103tre o persoan\u0103 care de\u021bine o func\u021bie de conducere \u00eentr-un partid, \u00een scopul ob\u021binerii pentru sine sau pentru altul de foloase necuvenite.<br \/>\nPotrivit DNA, \u00een calitate de secretar general al PSD, Liviu Dragnea, cu ocazia organiz\u0103rii \u0219i desf\u0103\u0219ur\u0103rii referendumului din 29 iulie 2012, a uzat de influen\u021ba \u0219i autoritatea sa \u00een partid \u00een scopul ob\u021binerii unor foloase nepatrimoniale de natur\u0103 electoral\u0103, necuvenite, pentru alian\u021ba politic\u0103 din care f\u0103cea parte forma\u021biunea reprezentat\u0103 de inculpat, \u0219i anume \u00eendeplinirea cvorumului de participare cu ajutorul voturilor ob\u021binute \u00een alte condi\u021bii dec\u00e2t cele legale.<br \/>\n.<\/div>\n<p> Source URL: https:\/\/observatornews.ro\/politic\/liviu-dragnea-condamnat-la-un-an-de-inchisoare-cu-suspendare-152242.html<\/p>\n","protected":false},"excerpt":{"rendered":"<p>Ministrul Dezvolt\u0103rii \u015fi Administra\u0163iei, Liviu Dragnea, a fost condamnat la un an de \u00eenchisoare cu suspendare, \u00een dosarul privind fraude la referendumul din 2012, pentru demiterea pre\u015fedintelui Traian B\u0103sescu Ministrul Dezvolt\u0103rii \u015fi Administra\u0163iei, Liviu Dragnea, a fost condamnat la un an de \u00eenchisoare cu suspendare, \u00een dosarul privind fraude la referendumul din 2012, pentru demiterea [&hellip;]<\/p>\n","protected":false},"author":1,"featured_media":0,"comment_status":"open","ping_status":"","sticky":false,"template":"","format":"standard","meta":{"footnotes":""},"categories":[2],"tags":[30],"class_list":["post-381235","post","type-post","status-publish","format-standard","hentry","category-politics","tag-observatornews-ro"],"_links":{"self":[{"href":"https:\/\/analyse.optim.biz\/index.php?rest_route=\/wp\/v2\/posts\/381235","targetHints":{"allow":["GET"]}}],"collection":[{"href":"https:\/\/analyse.optim.biz\/index.php?rest_route=\/wp\/v2\/posts"}],"about":[{"href":"https:\/\/analyse.optim.biz\/index.php?rest_route=\/wp\/v2\/types\/post"}],"author":[{"embeddable":true,"href":"https:\/\/analyse.optim.biz\/index.php?rest_route=\/wp\/v2\/users\/1"}],"replies":[{"embeddable":true,"href":"https:\/\/analyse.optim.biz\/index.php?rest_route=%2Fwp%2Fv2%2Fcomments&post=381235"}],"version-history":[{"count":0,"href":"https:\/\/analyse.optim.biz\/index.php?rest_route=\/wp\/v2\/posts\/381235\/revisions"}],"wp:attachment":[{"href":"https:\/\/analyse.optim.biz\/index.php?rest_route=%2Fwp%2Fv2%2Fmedia&parent=381235"}],"wp:term":[{"taxonomy":"category","embeddable":true,"href":"https:\/\/analyse.optim.biz\/index.php?rest_route=%2Fwp%2Fv2%2Fcategories&post=381235"},{"taxonomy":"post_tag","embeddable":true,"href":"https:\/\/analyse.optim.biz\/index.php?rest_route=%2Fwp%2Fv2%2Ftags&post=381235"}],"curies":[{"name":"wp","href":"https:\/\/api.w.org\/{rel}","templated":true}]}}