{"id":381233,"date":"2015-05-15T08:24:00","date_gmt":"2015-05-15T05:24:00","guid":{"rendered":"https:\/\/analyse.optim.biz\/?p=381233"},"modified":"2015-05-15T08:24:00","modified_gmt":"2015-05-15T05:24:00","slug":"presedintele-cj-caras-severin-sorin-frunzaverde-la-dna","status":"publish","type":"post","link":"https:\/\/analyse.optim.biz\/?p=381233","title":{"rendered":"Pre\u0219edintele CJ Cara\u0219-Severin, Sorin Frunz\u0103verde, la DNA"},"content":{"rendered":"<div class=\"description\" data-key=\"description\">Pre\u0219edintele Consiliului Jude\u021bean Cara\u0219-Severin, Sorin Frunz\u0103verde, s-a prezentat la Direc\u021bia Na\u021bional\u0103 Anticorup\u021bie, pentru a fi audiat \u00een dosarul \u00een care procurorii au f\u0103cut joi perchezi\u021bii<\/div>\n<div class=\"articleBody\" data-key=\"articleBody\">Pre\u0219edintele Consiliului Jude\u021bean Cara\u0219-Severin, Sorin Frunz\u0103verde, s-a prezentat la Direc\u021bia Na\u021bional\u0103 Anticorup\u021bie, pentru a fi audiat \u00een dosarul \u00een care procurorii au f\u0103cut joi perchezi\u021bii<br \/>\nLa intrare \u00een sediul DNA, Sorin Frunz\u0103verde nu a f\u0103cut declara\u021bii.<br \/>\nProcurorii DNA au efectuat joi perchezi\u021bii la biroul lui Frunz\u0103verde, ca urmare a continu\u0103rii cercet\u0103rilor \u00een cauza \u00een care a fost arestat preventiv vicepre\u0219edintele CJ Ionesie Ghiorghioni pentru trafic de influen\u021b\u0103.<br \/>\n&#8220;Procurori din cadrul Direc\u021biei Na\u021bionale Anticorup\u021bie, Sec\u021bia de combatere a infrac\u021biunilor conexe infrac\u021biunilor de corup\u021bie, efectueaz\u0103 cercet\u0103ri \u00eentr-o cauz\u0103 penal\u0103 ce vizeaz\u0103 suspiciuni privind s\u0103v\u00e2r\u0219irea unor infrac\u021biuni asimilate celor de corup\u021bie, comise \u00een anul 2014. \u00cen cursul zilei de 14 mai, ca urmare a ob\u021binerii autoriz\u0103rilor legale de la instan\u021ba competent\u0103, sunt efectuate perchezi\u021bii domiciliare \u00een 3 loca\u021bii situate \u00een jude\u021bul Cara\u0219-Severin, din care una este sediul unei institu\u021bii publice&#8221;, se ar\u0103ta \u00eentr-un comunicat al DNA transmis joi AGERPRES.<br \/>\nPerchezi\u021biile au avut leg\u0103tur\u0103 cu turul al doilea al alegerilor preziden\u021biale din 2014, conform purt\u0103torului de cuv\u00e2nt al CJ Cara\u0219-Severin, Camelia \u0218u\u0219co.<br \/>\nFrunz\u0103verde declara joi, la finalizarea perchezi\u021biilor care au avut loc la sediul CJ, c\u0103 nu se poate vorbi de presiuni pe care le-ar fi exercitat asupra primarilor \u00een timpul campaniei preziden\u021biale.<br \/>\n&#8220;Nu \u00een\u021beleg ce puteam face penal la alegeri. Cum puteam eu s\u0103 influen\u021bez voturi? C\u00e2t despre presiuni asupra primarilor, despre ce presiuni vorbim? Cum puteam eu s\u0103 \u00eei presez? D\u00e2ndu-le fonduri? Ce fonduri, din moment ce Consiliul Jude\u021bean nu mai \u00eemparte bani la prim\u0103rii? La primul tur am fost suspectat c\u0103 nu am f\u0103cut campanie, acum se spune c\u0103 am f\u0103cut campanie nu \u0219tiu cum&#8230; Au plecat de la PNL la PSD 20 de primari. Deci, ce presiuni puteam face eu? Am f\u0103cut o campanie normal\u0103, la fel ca \u00eentotdeauna&#8221;, a afirmat Sorin Frunz\u0103verde.<\/div>\n<p> Source URL: https:\/\/observatornews.ro\/politic\/preedintele-cj-caraseverin-sorin-frunzaverde-la-dna-152250.html<\/p>\n","protected":false},"excerpt":{"rendered":"<p>Pre\u0219edintele Consiliului Jude\u021bean Cara\u0219-Severin, Sorin Frunz\u0103verde, s-a prezentat la Direc\u021bia Na\u021bional\u0103 Anticorup\u021bie, pentru a fi audiat \u00een dosarul \u00een care procurorii au f\u0103cut joi perchezi\u021bii Pre\u0219edintele Consiliului Jude\u021bean Cara\u0219-Severin, Sorin Frunz\u0103verde, s-a prezentat la Direc\u021bia Na\u021bional\u0103 Anticorup\u021bie, pentru a fi audiat \u00een dosarul \u00een care procurorii au f\u0103cut joi perchezi\u021bii La intrare \u00een sediul DNA, [&hellip;]<\/p>\n","protected":false},"author":1,"featured_media":381234,"comment_status":"open","ping_status":"","sticky":false,"template":"","format":"standard","meta":{"footnotes":""},"categories":[2],"tags":[30],"class_list":["post-381233","post","type-post","status-publish","format-standard","has-post-thumbnail","hentry","category-politics","tag-observatornews-ro"],"_links":{"self":[{"href":"https:\/\/analyse.optim.biz\/index.php?rest_route=\/wp\/v2\/posts\/381233","targetHints":{"allow":["GET"]}}],"collection":[{"href":"https:\/\/analyse.optim.biz\/index.php?rest_route=\/wp\/v2\/posts"}],"about":[{"href":"https:\/\/analyse.optim.biz\/index.php?rest_route=\/wp\/v2\/types\/post"}],"author":[{"embeddable":true,"href":"https:\/\/analyse.optim.biz\/index.php?rest_route=\/wp\/v2\/users\/1"}],"replies":[{"embeddable":true,"href":"https:\/\/analyse.optim.biz\/index.php?rest_route=%2Fwp%2Fv2%2Fcomments&post=381233"}],"version-history":[{"count":0,"href":"https:\/\/analyse.optim.biz\/index.php?rest_route=\/wp\/v2\/posts\/381233\/revisions"}],"wp:featuredmedia":[{"embeddable":true,"href":"https:\/\/analyse.optim.biz\/index.php?rest_route=\/wp\/v2\/media\/381234"}],"wp:attachment":[{"href":"https:\/\/analyse.optim.biz\/index.php?rest_route=%2Fwp%2Fv2%2Fmedia&parent=381233"}],"wp:term":[{"taxonomy":"category","embeddable":true,"href":"https:\/\/analyse.optim.biz\/index.php?rest_route=%2Fwp%2Fv2%2Fcategories&post=381233"},{"taxonomy":"post_tag","embeddable":true,"href":"https:\/\/analyse.optim.biz\/index.php?rest_route=%2Fwp%2Fv2%2Ftags&post=381233"}],"curies":[{"name":"wp","href":"https:\/\/api.w.org\/{rel}","templated":true}]}}