{"id":381231,"date":"2015-05-15T08:40:00","date_gmt":"2015-05-15T05:40:00","guid":{"rendered":"https:\/\/analyse.optim.biz\/?p=381231"},"modified":"2015-05-15T08:40:00","modified_gmt":"2015-05-15T05:40:00","slug":"liviu-dragnea-la-palatul-victoria-dupa-decizia-de-condamnare","status":"publish","type":"post","link":"https:\/\/analyse.optim.biz\/?p=381231","title":{"rendered":"Liviu Dragnea, la Palatul Victoria dup\u0103 decizia de condamnare"},"content":{"rendered":"<div class=\"description\" data-key=\"description\">Ministrul Dezvolt\u0103rii Regionale, Liviu Dragnea, a sosit vineri diminea\u021b\u0103 la Palatul Victoria, unde se afl\u0103 \u0219i premierul Victor Ponta<\/div>\n<div class=\"articleBody\" data-key=\"articleBody\">\nMinistrul Dezvolt\u0103rii Regionale, Liviu Dragnea, a sosit vineri diminea\u021b\u0103 la Palatul Victoria, unde se afl\u0103 \u0219i premierul Victor Ponta<br \/>\nDragnea a fost condamnat vineri de judec\u0103torii de la \u00cenalta Curte de Casa\u021bie \u0219i Justi\u021bie \u00een dosarul &#8216;Referendumul&#8217; la un an de \u00eenchisoare cu suspendare \u0219i cu un termen de \u00eencercare de trei ani, decizia nefiind definitiv\u0103.<br \/>\nLiviu Dragnea declara miercuri, ca r\u0103spuns la o \u00eentrebare legat\u0103 de func\u021biile pe care le de\u021bine, \u00een cazul unui verdict nefavorabil al judec\u0103torilor \u00een dosarul &#8220;Referendumul&#8221;, c\u0103 acestea &#8220;nu o s\u0103 mai fie&#8221;, dar sper\u0103 totu\u0219i &#8220;c\u0103 nu o s\u0103 fie cazul&#8221;.<br \/>\n&#8220;\u0218ti\u021bi foarte bine r\u0103spunsul la \u00eentrebarea asta (func\u021biile \u2014 n.r.). Nu o s\u0103 mai fie. E normal. S\u0103 sper\u0103m totu\u0219i c\u0103 nu o s\u0103 fie cazul, eu sper s\u0103 fie o sentin\u021b\u0103 bun\u0103 pentru mine \u0219i pentru adev\u0103r&#8221;, afirma Dragnea.<br \/>\nCite\u015fte \u015fi Liviu Dragnea, CONDAMNAT la un an de \u00eenchisoare cu suspendare!\n<\/div>\n<p> Source URL: https:\/\/observatornews.ro\/politic\/liviu-dragnea-a-ajuns-la-palatul-victoria-152252.html<\/p>\n","protected":false},"excerpt":{"rendered":"<p>Ministrul Dezvolt\u0103rii Regionale, Liviu Dragnea, a sosit vineri diminea\u021b\u0103 la Palatul Victoria, unde se afl\u0103 \u0219i premierul Victor Ponta Ministrul Dezvolt\u0103rii Regionale, Liviu Dragnea, a sosit vineri diminea\u021b\u0103 la Palatul Victoria, unde se afl\u0103 \u0219i premierul Victor Ponta Dragnea a fost condamnat vineri de judec\u0103torii de la \u00cenalta Curte de Casa\u021bie \u0219i Justi\u021bie \u00een dosarul [&hellip;]<\/p>\n","protected":false},"author":1,"featured_media":381232,"comment_status":"open","ping_status":"","sticky":false,"template":"","format":"standard","meta":{"footnotes":""},"categories":[2],"tags":[30],"class_list":["post-381231","post","type-post","status-publish","format-standard","has-post-thumbnail","hentry","category-politics","tag-observatornews-ro"],"_links":{"self":[{"href":"https:\/\/analyse.optim.biz\/index.php?rest_route=\/wp\/v2\/posts\/381231","targetHints":{"allow":["GET"]}}],"collection":[{"href":"https:\/\/analyse.optim.biz\/index.php?rest_route=\/wp\/v2\/posts"}],"about":[{"href":"https:\/\/analyse.optim.biz\/index.php?rest_route=\/wp\/v2\/types\/post"}],"author":[{"embeddable":true,"href":"https:\/\/analyse.optim.biz\/index.php?rest_route=\/wp\/v2\/users\/1"}],"replies":[{"embeddable":true,"href":"https:\/\/analyse.optim.biz\/index.php?rest_route=%2Fwp%2Fv2%2Fcomments&post=381231"}],"version-history":[{"count":0,"href":"https:\/\/analyse.optim.biz\/index.php?rest_route=\/wp\/v2\/posts\/381231\/revisions"}],"wp:featuredmedia":[{"embeddable":true,"href":"https:\/\/analyse.optim.biz\/index.php?rest_route=\/wp\/v2\/media\/381232"}],"wp:attachment":[{"href":"https:\/\/analyse.optim.biz\/index.php?rest_route=%2Fwp%2Fv2%2Fmedia&parent=381231"}],"wp:term":[{"taxonomy":"category","embeddable":true,"href":"https:\/\/analyse.optim.biz\/index.php?rest_route=%2Fwp%2Fv2%2Fcategories&post=381231"},{"taxonomy":"post_tag","embeddable":true,"href":"https:\/\/analyse.optim.biz\/index.php?rest_route=%2Fwp%2Fv2%2Ftags&post=381231"}],"curies":[{"name":"wp","href":"https:\/\/api.w.org\/{rel}","templated":true}]}}