{"id":381200,"date":"2015-05-15T10:00:00","date_gmt":"2015-05-15T07:00:00","guid":{"rendered":"https:\/\/analyse.optim.biz\/?p=381200"},"modified":"2015-05-15T10:00:00","modified_gmt":"2015-05-15T07:00:00","slug":"dragnea-demisioneaza-din-functia-de-ministru-si-din-conducerea-psd","status":"publish","type":"post","link":"https:\/\/analyse.optim.biz\/?p=381200","title":{"rendered":"Dragnea demisioneaz\u0103 din func\u021bia de ministru \u0219i din conducerea PSD"},"content":{"rendered":"<div class=\"description\" data-key=\"description\">Liviu Dragnea a anun\u021bat vineri c\u0103 a demisionat din func\u021bia de ministru al Administra\u021biei Publice \u0219i Dezvolt\u0103rii Regionale \u0219i a ad\u0103ugat c\u0103 luni \u00ee\u0219i va depune demisia \u0219i din func\u021bia de pre\u0219edinte executiv al PSD<\/div>\n<div class=\"articleBody\" data-key=\"articleBody\">Liviu Dragnea a anun\u021bat vineri c\u0103 a demisionat din func\u021bia de ministru al Administra\u021biei Publice \u0219i Dezvolt\u0103rii Regionale \u0219i a ad\u0103ugat c\u0103 luni \u00ee\u0219i va depune demisia \u0219i din func\u021bia de pre\u0219edinte executiv al PSD<br \/>\n&#8220;A\u0219a cum am mai spus \u00een permanen\u021b\u0103, m\u0103 consider nevinovat. Cu toate astea, am luat act de decizia instan\u021bei de ast\u0103zi \u0219i i-am prezentat prim-ministrului demisia din func\u021bia de ministru al Dezvolt\u0103rii. De asemenea, l-am informat c\u0103 luni va fi pe masa Biroului Permanent Na\u021bional mandatul meu de pre\u0219edinte executiv. Recunosc c\u0103 nu \u00een\u021beleg care a fost sau care va fi motivarea deciziei de ast\u0103zi, este o decizie pe care o respect, e o decizie a instan\u021bei. \u00cen schimb, r\u0103m\u00e2n valabile \u00eentreb\u0103rile pe care mi le-am pus: cum se mai poate face campanie \u00een Rom\u00e2nia, \u00een condi\u021biile \u00een care prezen\u021ba la vot poate fi considerat\u0103 folos necuvenit&#8221;, a spus Dragnea la sediul central al PSD.<br \/>\n\u00cen opinia acestuia, &#8220;exist\u0103 un precedent periculos&#8221; pentru oricine dore\u0219te s\u0103 fac\u0103 acum campanie electoral\u0103 la orice nivel, precedent care &#8220;poate afecta democra\u021bia \u0219i libertatea partidelor politice de a \u00eendemna oamenii s\u0103 vin\u0103 la vot.<br \/>\n&#8220;\u0218i poate ap\u0103rea \u00een mentalul colectiv c\u0103 prezen\u021ba la vot poate fi ceva gre\u0219it sau condamnabil&#8221;, a afirmat Dragnea.<br \/>\nJudec\u0103torii de la \u00cenalta Curte de Casa\u021bie \u0219i Justi\u021bie l-au condamnat vineri pe ministrul Dezvolt\u0103rii, Liviu Dragnea, la un an de \u00eenchisoare cu suspendare \u00een dosarul &#8220;Referendumul&#8221;, cu un termen de \u00eencercare de trei ani.<br \/>\nCeilal\u021bi 74 de inculpa\u021bi din dosar au fost fie achita\u021bi, fie condamna\u021bi la \u00eenchisoare cu suspendare.<br \/>\nDecizia nu este definitiv\u0103.<\/div>\n<p> Source URL: https:\/\/observatornews.ro\/politic\/dragnea-demisioneaza-din-funcia-de-ministru-i-din-conducerea-psd-152254.html<\/p>\n","protected":false},"excerpt":{"rendered":"<p>Liviu Dragnea a anun\u021bat vineri c\u0103 a demisionat din func\u021bia de ministru al Administra\u021biei Publice \u0219i Dezvolt\u0103rii Regionale \u0219i a ad\u0103ugat c\u0103 luni \u00ee\u0219i va depune demisia \u0219i din func\u021bia de pre\u0219edinte executiv al PSD Liviu Dragnea a anun\u021bat vineri c\u0103 a demisionat din func\u021bia de ministru al Administra\u021biei Publice \u0219i Dezvolt\u0103rii Regionale \u0219i a [&hellip;]<\/p>\n","protected":false},"author":1,"featured_media":0,"comment_status":"open","ping_status":"","sticky":false,"template":"","format":"standard","meta":{"footnotes":""},"categories":[2],"tags":[30],"class_list":["post-381200","post","type-post","status-publish","format-standard","hentry","category-politics","tag-observatornews-ro"],"_links":{"self":[{"href":"https:\/\/analyse.optim.biz\/index.php?rest_route=\/wp\/v2\/posts\/381200","targetHints":{"allow":["GET"]}}],"collection":[{"href":"https:\/\/analyse.optim.biz\/index.php?rest_route=\/wp\/v2\/posts"}],"about":[{"href":"https:\/\/analyse.optim.biz\/index.php?rest_route=\/wp\/v2\/types\/post"}],"author":[{"embeddable":true,"href":"https:\/\/analyse.optim.biz\/index.php?rest_route=\/wp\/v2\/users\/1"}],"replies":[{"embeddable":true,"href":"https:\/\/analyse.optim.biz\/index.php?rest_route=%2Fwp%2Fv2%2Fcomments&post=381200"}],"version-history":[{"count":0,"href":"https:\/\/analyse.optim.biz\/index.php?rest_route=\/wp\/v2\/posts\/381200\/revisions"}],"wp:attachment":[{"href":"https:\/\/analyse.optim.biz\/index.php?rest_route=%2Fwp%2Fv2%2Fmedia&parent=381200"}],"wp:term":[{"taxonomy":"category","embeddable":true,"href":"https:\/\/analyse.optim.biz\/index.php?rest_route=%2Fwp%2Fv2%2Fcategories&post=381200"},{"taxonomy":"post_tag","embeddable":true,"href":"https:\/\/analyse.optim.biz\/index.php?rest_route=%2Fwp%2Fv2%2Ftags&post=381200"}],"curies":[{"name":"wp","href":"https:\/\/api.w.org\/{rel}","templated":true}]}}