{"id":381158,"date":"2015-05-15T18:36:00","date_gmt":"2015-05-15T15:36:00","guid":{"rendered":"https:\/\/analyse.optim.biz\/?p=381158"},"modified":"2015-05-15T18:36:00","modified_gmt":"2015-05-15T15:36:00","slug":"avocatul-doru-bostina-arestat-in-dosarul-de-evaziune","status":"publish","type":"post","link":"https:\/\/analyse.optim.biz\/?p=381158","title":{"rendered":"Avocatul Doru Bo\u015ftin\u0103, arestat \u00een dosarul de evaziune"},"content":{"rendered":"<div class=\"description\" data-key=\"description\">Avocatul Doru Bo\u015ftin\u0103 a fost arestat, vineri, prin decizia Cur\u0163ii de Apel Bucure\u015fti (CAB), \u00een dosarul de evaziune fiscal\u0103 \u00een domeniile IT \u015fi consultan\u0163\u0103 cu un prejudiciu evaluat la peste un milion de euro<\/div>\n<div class=\"articleBody\" data-key=\"articleBody\">Avocatul Doru Bo\u015ftin\u0103 a fost arestat, vineri, prin decizia Cur\u0163ii de Apel Bucure\u015fti (CAB), \u00een dosarul de evaziune fiscal\u0103 \u00een domeniile IT \u015fi consultan\u0163\u0103 cu un prejudiciu evaluat la peste un milion de euro<br \/>\nInstan\u0163a a mai dispus arestarea lui Alexandru cucu \u015fi lui Mihai Tutopica, \u00een timp ce pentru Mihai R\u0103ducanu a hot\u0103r\u00e2t cercetarea \u00een arest la domiciliu, \u00een acela\u015fi dosar.<br \/>\nDecizia de vineri a CAB poate fi contestat\u0103 la instan\u0163a suprem\u0103.<\/p>\n<\/div>\n<p> Source URL: https:\/\/observatornews.ro\/politic\/avocatul-doru-bostina-arestat-in-dosarul-de-evaziune-152314.html<\/p>\n","protected":false},"excerpt":{"rendered":"<p>Avocatul Doru Bo\u015ftin\u0103 a fost arestat, vineri, prin decizia Cur\u0163ii de Apel Bucure\u015fti (CAB), \u00een dosarul de evaziune fiscal\u0103 \u00een domeniile IT \u015fi consultan\u0163\u0103 cu un prejudiciu evaluat la peste un milion de euro Avocatul Doru Bo\u015ftin\u0103 a fost arestat, vineri, prin decizia Cur\u0163ii de Apel Bucure\u015fti (CAB), \u00een dosarul de evaziune fiscal\u0103 \u00een domeniile [&hellip;]<\/p>\n","protected":false},"author":1,"featured_media":0,"comment_status":"open","ping_status":"","sticky":false,"template":"","format":"standard","meta":{"footnotes":""},"categories":[2],"tags":[30],"class_list":["post-381158","post","type-post","status-publish","format-standard","hentry","category-politics","tag-observatornews-ro"],"_links":{"self":[{"href":"https:\/\/analyse.optim.biz\/index.php?rest_route=\/wp\/v2\/posts\/381158","targetHints":{"allow":["GET"]}}],"collection":[{"href":"https:\/\/analyse.optim.biz\/index.php?rest_route=\/wp\/v2\/posts"}],"about":[{"href":"https:\/\/analyse.optim.biz\/index.php?rest_route=\/wp\/v2\/types\/post"}],"author":[{"embeddable":true,"href":"https:\/\/analyse.optim.biz\/index.php?rest_route=\/wp\/v2\/users\/1"}],"replies":[{"embeddable":true,"href":"https:\/\/analyse.optim.biz\/index.php?rest_route=%2Fwp%2Fv2%2Fcomments&post=381158"}],"version-history":[{"count":0,"href":"https:\/\/analyse.optim.biz\/index.php?rest_route=\/wp\/v2\/posts\/381158\/revisions"}],"wp:attachment":[{"href":"https:\/\/analyse.optim.biz\/index.php?rest_route=%2Fwp%2Fv2%2Fmedia&parent=381158"}],"wp:term":[{"taxonomy":"category","embeddable":true,"href":"https:\/\/analyse.optim.biz\/index.php?rest_route=%2Fwp%2Fv2%2Fcategories&post=381158"},{"taxonomy":"post_tag","embeddable":true,"href":"https:\/\/analyse.optim.biz\/index.php?rest_route=%2Fwp%2Fv2%2Ftags&post=381158"}],"curies":[{"name":"wp","href":"https:\/\/api.w.org\/{rel}","templated":true}]}}