{"id":381154,"date":"2015-05-16T10:03:00","date_gmt":"2015-05-16T07:03:00","guid":{"rendered":"https:\/\/analyse.optim.biz\/?p=381154"},"modified":"2015-05-16T10:03:00","modified_gmt":"2015-05-16T07:03:00","slug":"ponta-pe-2-iunie-voi-prezenta-in-parlament-directiile-viitoare-de-dezvoltare-ale-romaniei","status":"publish","type":"post","link":"https:\/\/analyse.optim.biz\/?p=381154","title":{"rendered":"Ponta: Pe 2 iunie voi prezenta \u00een Parlament direc\u021biile viitoare de dezvoltare ale Rom\u00e2niei"},"content":{"rendered":"<div class=\"description\" data-key=\"description\">Premierul Victor Ponta a anun\u021bat s\u00e2mb\u0103t\u0103 c\u0103 pe 2 iunie va prezenta \u00een Parlament direc\u021biile viitoare de dezvoltare ale Rom\u00e2niei<\/div>\n<div class=\"articleBody\" data-key=\"articleBody\">Premierul Victor Ponta a anun\u021bat s\u00e2mb\u0103t\u0103 c\u0103 pe 2 iunie va prezenta \u00een Parlament direc\u021biile viitoare de dezvoltare ale Rom\u00e2niei<br \/>\n&#8220;Ve\u0219tile bune sosesc \u00eempreun\u0103! Pe 2 iunie la ora 16,00 voi prezenta Parlamentului direc\u021biile viitoare de dezvoltare!&#8221;, a scris premierul pe Facebook.\n<\/div>\n<p> Source URL: https:\/\/observatornews.ro\/politic\/ponta-pe-2-iunie-voi-prezenta-in-parlament-direciile-viitoare-de-dezvoltare-ale-romaniei-152330.html<\/p>\n","protected":false},"excerpt":{"rendered":"<p>Premierul Victor Ponta a anun\u021bat s\u00e2mb\u0103t\u0103 c\u0103 pe 2 iunie va prezenta \u00een Parlament direc\u021biile viitoare de dezvoltare ale Rom\u00e2niei Premierul Victor Ponta a anun\u021bat s\u00e2mb\u0103t\u0103 c\u0103 pe 2 iunie va prezenta \u00een Parlament direc\u021biile viitoare de dezvoltare ale Rom\u00e2niei &#8220;Ve\u0219tile bune sosesc \u00eempreun\u0103! Pe 2 iunie la ora 16,00 voi prezenta Parlamentului direc\u021biile viitoare [&hellip;]<\/p>\n","protected":false},"author":1,"featured_media":381156,"comment_status":"open","ping_status":"","sticky":false,"template":"","format":"standard","meta":{"footnotes":""},"categories":[2],"tags":[30],"class_list":["post-381154","post","type-post","status-publish","format-standard","has-post-thumbnail","hentry","category-politics","tag-observatornews-ro"],"_links":{"self":[{"href":"https:\/\/analyse.optim.biz\/index.php?rest_route=\/wp\/v2\/posts\/381154","targetHints":{"allow":["GET"]}}],"collection":[{"href":"https:\/\/analyse.optim.biz\/index.php?rest_route=\/wp\/v2\/posts"}],"about":[{"href":"https:\/\/analyse.optim.biz\/index.php?rest_route=\/wp\/v2\/types\/post"}],"author":[{"embeddable":true,"href":"https:\/\/analyse.optim.biz\/index.php?rest_route=\/wp\/v2\/users\/1"}],"replies":[{"embeddable":true,"href":"https:\/\/analyse.optim.biz\/index.php?rest_route=%2Fwp%2Fv2%2Fcomments&post=381154"}],"version-history":[{"count":0,"href":"https:\/\/analyse.optim.biz\/index.php?rest_route=\/wp\/v2\/posts\/381154\/revisions"}],"wp:featuredmedia":[{"embeddable":true,"href":"https:\/\/analyse.optim.biz\/index.php?rest_route=\/wp\/v2\/media\/381156"}],"wp:attachment":[{"href":"https:\/\/analyse.optim.biz\/index.php?rest_route=%2Fwp%2Fv2%2Fmedia&parent=381154"}],"wp:term":[{"taxonomy":"category","embeddable":true,"href":"https:\/\/analyse.optim.biz\/index.php?rest_route=%2Fwp%2Fv2%2Fcategories&post=381154"},{"taxonomy":"post_tag","embeddable":true,"href":"https:\/\/analyse.optim.biz\/index.php?rest_route=%2Fwp%2Fv2%2Ftags&post=381154"}],"curies":[{"name":"wp","href":"https:\/\/api.w.org\/{rel}","templated":true}]}}