{"id":381057,"date":"2015-05-20T09:00:00","date_gmt":"2015-05-20T06:00:00","guid":{"rendered":"https:\/\/analyse.optim.biz\/?p=381057"},"modified":"2015-05-20T09:00:00","modified_gmt":"2015-05-20T06:00:00","slug":"presedintele-a-semnat-decretul-privind-numirea-lui-sevil-shhaideh-ministru-al-dezvoltarii","status":"publish","type":"post","link":"https:\/\/analyse.optim.biz\/?p=381057","title":{"rendered":"Pre\u0219edintele a semnat decretul privind numirea lui Sevil Shhaideh, ministru al Dezvolt\u0103rii"},"content":{"rendered":"<div class=\"description\" data-key=\"description\">Pre\u0219edintele Klaus Iohannis a semnat miercuri decretul privind numirea lui Sevil Shhaideh \u00een func\u021bia de ministru al Dezvolt\u0103rii, urm\u00e2nd ca aceasta s\u0103 depun\u0103 jur\u0103m\u00e2ntul de \u00eenvestitur\u0103 la ora 17,00 la Palatul Cotroceni<\/div>\n<div class=\"articleBody\" data-key=\"articleBody\">Pre\u0219edintele Klaus Iohannis a semnat miercuri decretul privind numirea lui Sevil Shhaideh \u00een func\u021bia de ministru al Dezvolt\u0103rii, urm\u00e2nd ca aceasta s\u0103 depun\u0103 jur\u0103m\u00e2ntul de \u00eenvestitur\u0103 la ora 17,00 la Palatul Cotroceni\n<\/div>\n<p> Source URL: https:\/\/observatornews.ro\/politic\/preedintele-a-semnat-decretul-privind-numirea-lui-sevil-shhaideh-ministru-al-dezvoltarii-152593.html<\/p>\n","protected":false},"excerpt":{"rendered":"<p>Pre\u0219edintele Klaus Iohannis a semnat miercuri decretul privind numirea lui Sevil Shhaideh \u00een func\u021bia de ministru al Dezvolt\u0103rii, urm\u00e2nd ca aceasta s\u0103 depun\u0103 jur\u0103m\u00e2ntul de \u00eenvestitur\u0103 la ora 17,00 la Palatul Cotroceni Pre\u0219edintele Klaus Iohannis a semnat miercuri decretul privind numirea lui Sevil Shhaideh \u00een func\u021bia de ministru al Dezvolt\u0103rii, urm\u00e2nd ca aceasta s\u0103 depun\u0103 [&hellip;]<\/p>\n","protected":false},"author":1,"featured_media":0,"comment_status":"open","ping_status":"","sticky":false,"template":"","format":"standard","meta":{"footnotes":""},"categories":[2],"tags":[30],"class_list":["post-381057","post","type-post","status-publish","format-standard","hentry","category-politics","tag-observatornews-ro"],"_links":{"self":[{"href":"https:\/\/analyse.optim.biz\/index.php?rest_route=\/wp\/v2\/posts\/381057","targetHints":{"allow":["GET"]}}],"collection":[{"href":"https:\/\/analyse.optim.biz\/index.php?rest_route=\/wp\/v2\/posts"}],"about":[{"href":"https:\/\/analyse.optim.biz\/index.php?rest_route=\/wp\/v2\/types\/post"}],"author":[{"embeddable":true,"href":"https:\/\/analyse.optim.biz\/index.php?rest_route=\/wp\/v2\/users\/1"}],"replies":[{"embeddable":true,"href":"https:\/\/analyse.optim.biz\/index.php?rest_route=%2Fwp%2Fv2%2Fcomments&post=381057"}],"version-history":[{"count":0,"href":"https:\/\/analyse.optim.biz\/index.php?rest_route=\/wp\/v2\/posts\/381057\/revisions"}],"wp:attachment":[{"href":"https:\/\/analyse.optim.biz\/index.php?rest_route=%2Fwp%2Fv2%2Fmedia&parent=381057"}],"wp:term":[{"taxonomy":"category","embeddable":true,"href":"https:\/\/analyse.optim.biz\/index.php?rest_route=%2Fwp%2Fv2%2Fcategories&post=381057"},{"taxonomy":"post_tag","embeddable":true,"href":"https:\/\/analyse.optim.biz\/index.php?rest_route=%2Fwp%2Fv2%2Ftags&post=381057"}],"curies":[{"name":"wp","href":"https:\/\/api.w.org\/{rel}","templated":true}]}}