{"id":381055,"date":"2015-05-20T12:55:00","date_gmt":"2015-05-20T09:55:00","guid":{"rendered":"https:\/\/analyse.optim.biz\/?p=381055"},"modified":"2015-05-20T12:55:00","modified_gmt":"2015-05-20T09:55:00","slug":"codul-silvic-a-fost-adoptat-de-parlament","status":"publish","type":"post","link":"https:\/\/analyse.optim.biz\/?p=381055","title":{"rendered":"Codul silvic a fost ADOPTAT de Parlament"},"content":{"rendered":"<div class=\"description\" data-key=\"description\">Proiectul va merge acum la promulgare la pre\u015fedintele Klaus Iohannis, care a anun\u0163at c\u0103 nu-l va trimite la Curtea Constitu\u0163ional\u0103<\/div>\n<div class=\"articleBody\" data-key=\"articleBody\">Proiectul va merge acum la promulgare la pre\u015fedintele Klaus Iohannis, care a anun\u0163at c\u0103 nu-l va trimite la Curtea Constitu\u0163ional\u0103<br \/>\nGuvernul interzice exportul de lemn pe o perioad\u0103 determinat\u0103, iar premierul Victor Ponta a spus c\u0103 l-a informat \u015fi pe pre\u015fedintele Klaus Iohannis cu privire la acest proiect de lege.<br \/>\nGuvernul vrea s\u0103 interzic\u0103 p\u00e2n\u0103 pe 31 august exporturile de bu\u015fteni, cherestea sau lemne de foc. <\/div>\n<p> Source URL: https:\/\/observatornews.ro\/politic\/codul-silvic-a-fost-adoptat-de-parlament-152608.html<\/p>\n","protected":false},"excerpt":{"rendered":"<p>Proiectul va merge acum la promulgare la pre\u015fedintele Klaus Iohannis, care a anun\u0163at c\u0103 nu-l va trimite la Curtea Constitu\u0163ional\u0103 Proiectul va merge acum la promulgare la pre\u015fedintele Klaus Iohannis, care a anun\u0163at c\u0103 nu-l va trimite la Curtea Constitu\u0163ional\u0103 Guvernul interzice exportul de lemn pe o perioad\u0103 determinat\u0103, iar premierul Victor Ponta a spus [&hellip;]<\/p>\n","protected":false},"author":1,"featured_media":0,"comment_status":"open","ping_status":"","sticky":false,"template":"","format":"standard","meta":{"footnotes":""},"categories":[2],"tags":[30],"class_list":["post-381055","post","type-post","status-publish","format-standard","hentry","category-politics","tag-observatornews-ro"],"_links":{"self":[{"href":"https:\/\/analyse.optim.biz\/index.php?rest_route=\/wp\/v2\/posts\/381055","targetHints":{"allow":["GET"]}}],"collection":[{"href":"https:\/\/analyse.optim.biz\/index.php?rest_route=\/wp\/v2\/posts"}],"about":[{"href":"https:\/\/analyse.optim.biz\/index.php?rest_route=\/wp\/v2\/types\/post"}],"author":[{"embeddable":true,"href":"https:\/\/analyse.optim.biz\/index.php?rest_route=\/wp\/v2\/users\/1"}],"replies":[{"embeddable":true,"href":"https:\/\/analyse.optim.biz\/index.php?rest_route=%2Fwp%2Fv2%2Fcomments&post=381055"}],"version-history":[{"count":0,"href":"https:\/\/analyse.optim.biz\/index.php?rest_route=\/wp\/v2\/posts\/381055\/revisions"}],"wp:attachment":[{"href":"https:\/\/analyse.optim.biz\/index.php?rest_route=%2Fwp%2Fv2%2Fmedia&parent=381055"}],"wp:term":[{"taxonomy":"category","embeddable":true,"href":"https:\/\/analyse.optim.biz\/index.php?rest_route=%2Fwp%2Fv2%2Fcategories&post=381055"},{"taxonomy":"post_tag","embeddable":true,"href":"https:\/\/analyse.optim.biz\/index.php?rest_route=%2Fwp%2Fv2%2Ftags&post=381055"}],"curies":[{"name":"wp","href":"https:\/\/api.w.org\/{rel}","templated":true}]}}