{"id":381054,"date":"2015-05-20T14:09:00","date_gmt":"2015-05-20T11:09:00","guid":{"rendered":"https:\/\/analyse.optim.biz\/?p=381054"},"modified":"2015-05-20T14:09:00","modified_gmt":"2015-05-20T11:09:00","slug":"sevil-shhaideh-a-depus-juramantul-de-investitura-in-functia-de-ministru-al-dezvoltarii","status":"publish","type":"post","link":"https:\/\/analyse.optim.biz\/?p=381054","title":{"rendered":"Sevil Shhaideh a depus jur\u0103m\u00e2ntul de \u00eenvestitur\u0103 \u00een func\u021bia de ministru al Dezvolt\u0103rii"},"content":{"rendered":"<div class=\"description\" data-key=\"description\">Sevil Shhaideh, fost secretar de stat \u00een MDRAP, a depus miercuri, la Palatul Cotroceni, jur\u0103m\u00e2ntul de \u00eenvestitur\u0103 \u00een func\u021bia de ministru al Dezvolt\u0103rii Regionale \u0219i Administra\u021biei Publice, \u00een fa\u021ba pre\u0219edintelui Klaus Iohannis<\/div>\n<div class=\"articleBody\" data-key=\"articleBody\">Sevil Shhaideh, fost secretar de stat \u00een MDRAP, a depus miercuri, la Palatul Cotroceni, jur\u0103m\u00e2ntul de \u00eenvestitur\u0103 \u00een func\u021bia de ministru al Dezvolt\u0103rii Regionale \u0219i Administra\u021biei Publice, \u00een fa\u021ba pre\u0219edintelui Klaus Iohannis<br \/>\nLa ceremonia de depunere a jur\u0103m\u00e2ntului de \u00eenvestitur\u0103 au participat premierul Victor Ponta, pre\u0219edin\u021bii celor dou\u0103 Camere ale Parlamentului, C\u0103lin Popescu-T\u0103riceanu \u0219i Valeriu Zgonea, membri ai Guvernului \u0219i consilieri preziden\u021biali.<br \/>\nSevil Shhaideh \u00eel \u00eenlocuie\u0219te \u00een func\u021bia de ministru pe Liviu Dragnea, care a demisionat ca urmare a condamn\u0103rii sale de c\u0103tre \u00ceCCJ la un an de \u00eenchisoare cu suspendare \u00een dosarul &#8220;Referendumul&#8221;, cu un termen de \u00eencercare de trei ani.<br \/>\nPre\u0219edintele Klaus Iohannis a semnat miercuri decretele prin care s-a luat act de demisia lui Liviu Dragnea de la Ministerul Dezvolt\u0103rii Regionale \u0219i Administra\u021biei Publice \u0219i s-a constatat \u00eencetarea func\u021biei de membru al Guvernului, dar \u0219i pe cel prin care a fost numit\u0103 \u00een func\u021bia de ministru Sevil Shhaideh.<\/div>\n<p> Source URL: https:\/\/observatornews.ro\/politic\/sevil-shhaideh-a-depus-juramantul-de-investitura-in-funcia-de-ministru-al-dezvoltarii-152620.html<\/p>\n","protected":false},"excerpt":{"rendered":"<p>Sevil Shhaideh, fost secretar de stat \u00een MDRAP, a depus miercuri, la Palatul Cotroceni, jur\u0103m\u00e2ntul de \u00eenvestitur\u0103 \u00een func\u021bia de ministru al Dezvolt\u0103rii Regionale \u0219i Administra\u021biei Publice, \u00een fa\u021ba pre\u0219edintelui Klaus Iohannis Sevil Shhaideh, fost secretar de stat \u00een MDRAP, a depus miercuri, la Palatul Cotroceni, jur\u0103m\u00e2ntul de \u00eenvestitur\u0103 \u00een func\u021bia de ministru al Dezvolt\u0103rii [&hellip;]<\/p>\n","protected":false},"author":1,"featured_media":0,"comment_status":"open","ping_status":"","sticky":false,"template":"","format":"standard","meta":{"footnotes":""},"categories":[2],"tags":[30],"class_list":["post-381054","post","type-post","status-publish","format-standard","hentry","category-politics","tag-observatornews-ro"],"_links":{"self":[{"href":"https:\/\/analyse.optim.biz\/index.php?rest_route=\/wp\/v2\/posts\/381054","targetHints":{"allow":["GET"]}}],"collection":[{"href":"https:\/\/analyse.optim.biz\/index.php?rest_route=\/wp\/v2\/posts"}],"about":[{"href":"https:\/\/analyse.optim.biz\/index.php?rest_route=\/wp\/v2\/types\/post"}],"author":[{"embeddable":true,"href":"https:\/\/analyse.optim.biz\/index.php?rest_route=\/wp\/v2\/users\/1"}],"replies":[{"embeddable":true,"href":"https:\/\/analyse.optim.biz\/index.php?rest_route=%2Fwp%2Fv2%2Fcomments&post=381054"}],"version-history":[{"count":0,"href":"https:\/\/analyse.optim.biz\/index.php?rest_route=\/wp\/v2\/posts\/381054\/revisions"}],"wp:attachment":[{"href":"https:\/\/analyse.optim.biz\/index.php?rest_route=%2Fwp%2Fv2%2Fmedia&parent=381054"}],"wp:term":[{"taxonomy":"category","embeddable":true,"href":"https:\/\/analyse.optim.biz\/index.php?rest_route=%2Fwp%2Fv2%2Fcategories&post=381054"},{"taxonomy":"post_tag","embeddable":true,"href":"https:\/\/analyse.optim.biz\/index.php?rest_route=%2Fwp%2Fv2%2Ftags&post=381054"}],"curies":[{"name":"wp","href":"https:\/\/api.w.org\/{rel}","templated":true}]}}