{"id":380995,"date":"2015-05-21T13:33:00","date_gmt":"2015-05-21T10:33:00","guid":{"rendered":"https:\/\/analyse.optim.biz\/?p=380995"},"modified":"2015-05-21T13:33:00","modified_gmt":"2015-05-21T10:33:00","slug":"s-a-decis-elena-udrea-ramane-in-arest-la-domiciliu","status":"publish","type":"post","link":"https:\/\/analyse.optim.biz\/?p=380995","title":{"rendered":"S-a decis! Elena Udrea R\u0102M\u00c2NE \u00een arest la domiciliu"},"content":{"rendered":"<div class=\"description\" data-key=\"description\">Elena Udrea r\u0103m\u00e2ne \u00een arest la domiciliu, au decis, joi, judec\u0103torii \u00cenaltei Cur\u0163i<\/div>\n<div class=\"articleBody\" data-key=\"articleBody\">Elena Udrea r\u0103m\u00e2ne \u00een arest la domiciliu, au decis, joi, judec\u0103torii \u00cenaltei Cur\u0163i<br \/>\nAceasta solicitase magistra\u0163ilor s\u0103 renun\u0163e la orice tip de m\u0103sur\u0103 preventiv\u0103 \u00een cazul s\u0103u. Elena Udrea nu a cerut control judiciar, ci doar s\u0103 se renun\u0163e la arestul la domiciliu.<br \/>\n\u015eedin\u0163a de judecat\u0103 a durat foarte pu\u0163in, circa jum\u0103tate de or\u0103.<\/div>\n<p> Source URL: https:\/\/observatornews.ro\/politic\/sa-decis-elena-udrea-ramane-in-arest-la-domiciliu-152694.html<\/p>\n","protected":false},"excerpt":{"rendered":"<p>Elena Udrea r\u0103m\u00e2ne \u00een arest la domiciliu, au decis, joi, judec\u0103torii \u00cenaltei Cur\u0163i Elena Udrea r\u0103m\u00e2ne \u00een arest la domiciliu, au decis, joi, judec\u0103torii \u00cenaltei Cur\u0163i Aceasta solicitase magistra\u0163ilor s\u0103 renun\u0163e la orice tip de m\u0103sur\u0103 preventiv\u0103 \u00een cazul s\u0103u. Elena Udrea nu a cerut control judiciar, ci doar s\u0103 se renun\u0163e la arestul la [&hellip;]<\/p>\n","protected":false},"author":1,"featured_media":380996,"comment_status":"open","ping_status":"","sticky":false,"template":"","format":"standard","meta":{"footnotes":""},"categories":[2],"tags":[30],"class_list":["post-380995","post","type-post","status-publish","format-standard","has-post-thumbnail","hentry","category-politics","tag-observatornews-ro"],"_links":{"self":[{"href":"https:\/\/analyse.optim.biz\/index.php?rest_route=\/wp\/v2\/posts\/380995","targetHints":{"allow":["GET"]}}],"collection":[{"href":"https:\/\/analyse.optim.biz\/index.php?rest_route=\/wp\/v2\/posts"}],"about":[{"href":"https:\/\/analyse.optim.biz\/index.php?rest_route=\/wp\/v2\/types\/post"}],"author":[{"embeddable":true,"href":"https:\/\/analyse.optim.biz\/index.php?rest_route=\/wp\/v2\/users\/1"}],"replies":[{"embeddable":true,"href":"https:\/\/analyse.optim.biz\/index.php?rest_route=%2Fwp%2Fv2%2Fcomments&post=380995"}],"version-history":[{"count":0,"href":"https:\/\/analyse.optim.biz\/index.php?rest_route=\/wp\/v2\/posts\/380995\/revisions"}],"wp:featuredmedia":[{"embeddable":true,"href":"https:\/\/analyse.optim.biz\/index.php?rest_route=\/wp\/v2\/media\/380996"}],"wp:attachment":[{"href":"https:\/\/analyse.optim.biz\/index.php?rest_route=%2Fwp%2Fv2%2Fmedia&parent=380995"}],"wp:term":[{"taxonomy":"category","embeddable":true,"href":"https:\/\/analyse.optim.biz\/index.php?rest_route=%2Fwp%2Fv2%2Fcategories&post=380995"},{"taxonomy":"post_tag","embeddable":true,"href":"https:\/\/analyse.optim.biz\/index.php?rest_route=%2Fwp%2Fv2%2Ftags&post=380995"}],"curies":[{"name":"wp","href":"https:\/\/api.w.org\/{rel}","templated":true}]}}