{"id":380993,"date":"2015-05-21T13:37:00","date_gmt":"2015-05-21T10:37:00","guid":{"rendered":"https:\/\/analyse.optim.biz\/?p=380993"},"modified":"2015-05-21T13:37:00","modified_gmt":"2015-05-21T10:37:00","slug":"iohannis-nu-exista-indicii-ca-s-ar-fi-facut-trafic-de-influenta-in-cazul-codului-silvic","status":"publish","type":"post","link":"https:\/\/analyse.optim.biz\/?p=380993","title":{"rendered":"Iohannis: Nu exist\u0103 indicii c\u0103 s-ar fi f\u0103cut trafic de influen\u021b\u0103 \u00een cazul Codului silvic"},"content":{"rendered":"<div class=\"description\" data-key=\"description\">Pre\u0219edintele Klaus Iohannis a declarat joi c\u0103 a primit un r\u0103spuns de la SRI ar\u0103t\u00e2nd c\u0103 nu exist\u0103 niciun indiciu c\u0103 \u00een cazul Codului silvic s-ar fi f\u0103cut trafic de influen\u021b\u0103 \u0219i c\u0103 nu-l va ac\u021biona \u00een instan\u021b\u0103 pe premierul Victor Ponta<\/div>\n<div class=\"articleBody\" data-key=\"articleBody\">Pre\u0219edintele Klaus Iohannis a declarat joi c\u0103 a primit un r\u0103spuns de la SRI ar\u0103t\u00e2nd c\u0103 nu exist\u0103 niciun indiciu c\u0103 \u00een cazul Codului silvic s-ar fi f\u0103cut trafic de influen\u021b\u0103 \u0219i c\u0103 nu-l va ac\u021biona \u00een instan\u021b\u0103 pe premierul Victor Ponta<br \/>\n&#8220;Am primit un r\u0103spuns. R\u0103spunsul este foarte simplu: nu exist\u0103 nicio dovad\u0103, nici m\u0103car un indiciu c\u0103 s-ar fi f\u0103cut trafic de influen\u021b\u0103 \u00een chestiunea Codului silvic&#8221;, a declarat Iohannis, la Aeroportul &#8220;Henri Coand\u0103&#8221;, \u00eenainte de plecarea la Riga, \u00eentrebat dac\u0103 a primit de la SRI un r\u0103spuns referitor la afirma\u021biile premierului Victor Ponta.<br \/>\nEl a subliniat c\u0103 nu-l va ac\u021biona \u00een instan\u021b\u0103 pe premierul Ponta.<br \/>\n&#8220;Cred c\u0103 cei care au trebuit s\u0103 trag\u0103 \u00eenv\u0103\u021b\u0103minte le-au tras. Este speran\u021ba mea. Nu voi ac\u021biona \u00een instan\u021b\u0103 pe cel care a f\u0103cut afirma\u021biile false, fiindc\u0103 \u00eentre timp, \u00eentr-un fel, \u0219i-a cerut scuze&#8221;, a completat \u0219eful statului, potrivit Agerpres.<\/div>\n<p> Source URL: https:\/\/observatornews.ro\/politic\/iohannis-nu-exista-indicii-ca-sar-fi-facut-trafic-de-influena-in-cazul-codului-silvic-152695.html<\/p>\n","protected":false},"excerpt":{"rendered":"<p>Pre\u0219edintele Klaus Iohannis a declarat joi c\u0103 a primit un r\u0103spuns de la SRI ar\u0103t\u00e2nd c\u0103 nu exist\u0103 niciun indiciu c\u0103 \u00een cazul Codului silvic s-ar fi f\u0103cut trafic de influen\u021b\u0103 \u0219i c\u0103 nu-l va ac\u021biona \u00een instan\u021b\u0103 pe premierul Victor Ponta Pre\u0219edintele Klaus Iohannis a declarat joi c\u0103 a primit un r\u0103spuns de la [&hellip;]<\/p>\n","protected":false},"author":1,"featured_media":380994,"comment_status":"open","ping_status":"","sticky":false,"template":"","format":"standard","meta":{"footnotes":""},"categories":[2],"tags":[30],"class_list":["post-380993","post","type-post","status-publish","format-standard","has-post-thumbnail","hentry","category-politics","tag-observatornews-ro"],"_links":{"self":[{"href":"https:\/\/analyse.optim.biz\/index.php?rest_route=\/wp\/v2\/posts\/380993","targetHints":{"allow":["GET"]}}],"collection":[{"href":"https:\/\/analyse.optim.biz\/index.php?rest_route=\/wp\/v2\/posts"}],"about":[{"href":"https:\/\/analyse.optim.biz\/index.php?rest_route=\/wp\/v2\/types\/post"}],"author":[{"embeddable":true,"href":"https:\/\/analyse.optim.biz\/index.php?rest_route=\/wp\/v2\/users\/1"}],"replies":[{"embeddable":true,"href":"https:\/\/analyse.optim.biz\/index.php?rest_route=%2Fwp%2Fv2%2Fcomments&post=380993"}],"version-history":[{"count":0,"href":"https:\/\/analyse.optim.biz\/index.php?rest_route=\/wp\/v2\/posts\/380993\/revisions"}],"wp:featuredmedia":[{"embeddable":true,"href":"https:\/\/analyse.optim.biz\/index.php?rest_route=\/wp\/v2\/media\/380994"}],"wp:attachment":[{"href":"https:\/\/analyse.optim.biz\/index.php?rest_route=%2Fwp%2Fv2%2Fmedia&parent=380993"}],"wp:term":[{"taxonomy":"category","embeddable":true,"href":"https:\/\/analyse.optim.biz\/index.php?rest_route=%2Fwp%2Fv2%2Fcategories&post=380993"},{"taxonomy":"post_tag","embeddable":true,"href":"https:\/\/analyse.optim.biz\/index.php?rest_route=%2Fwp%2Fv2%2Ftags&post=380993"}],"curies":[{"name":"wp","href":"https:\/\/api.w.org\/{rel}","templated":true}]}}