{"id":380991,"date":"2015-05-21T15:27:00","date_gmt":"2015-05-21T12:27:00","guid":{"rendered":"https:\/\/analyse.optim.biz\/?p=380991"},"modified":"2015-05-21T15:27:00","modified_gmt":"2015-05-21T12:27:00","slug":"vasile-blaga-denuntat-de-darius-valcov-la-dna","status":"publish","type":"post","link":"https:\/\/analyse.optim.biz\/?p=380991","title":{"rendered":"Vasile Blaga, denun\u021bat de Darius V\u00e2lcov la DNA"},"content":{"rendered":"<div class=\"description\" data-key=\"description\">Fostul ministru al Finan\u021belor Darius V\u00e2lcov le-a declarat procurorilor DNA c\u0103 Vasile Blaga, co-pre\u0219edinte PNL, a f\u0103cut interven\u021bii pentru ca firma Tehnologica Radion, administrat\u0103 de Theodor Berna, s\u0103 c\u00e2\u0219tige contracte de reabilitare a re\u021belelor de ap\u0103 \u0219i canalizare din jude\u021bul Olt<\/div>\n<div class=\"articleBody\" data-key=\"articleBody\">Fostul ministru al Finan\u021belor Darius V\u00e2lcov le-a declarat procurorilor DNA c\u0103 Vasile Blaga, co-pre\u0219edinte PNL, a f\u0103cut interven\u021bii pentru ca firma Tehnologica Radion, administrat\u0103 de Theodor Berna, s\u0103 c\u00e2\u0219tige contracte de reabilitare a re\u021belelor de ap\u0103 \u0219i canalizare din jude\u021bul Olt<br \/>\nDetalii despre acest caz apar \u00een rechizitoriul \u00eentocmit de procurorii DNA, prin care Darius V\u00e2lcov a fost trimis \u00een judecat\u0103 pentru trafic de influen\u021b\u0103.<br \/>\n&#8220;Astfel, inculpatul V\u00e2lcov Darius a ar\u0103tat c\u0103, \u00een anul 2009, a fost chemat de Vasile Blaga la sediul central al Partidului Democrat Liberal \u0219i i-a spus, confiden\u021bial, c\u0103 \u0219tie c\u0103 \u00een Olt se va licita pentru ni\u0219te lucr\u0103ri de reabilitare a re\u021belelor de ap\u0103 \u0219i canalizare, transmi\u021b\u00e2ndu-i, f\u0103r\u0103 echivoc, c\u0103 alocarea \u00een viitor a fondurilor pentru unele lucr\u0103ri la Prim\u0103ria Slatina se va face sub condi\u021bia ca SC Tehnologica Radion SRL s\u0103 c\u00e2\u0219tige licita\u021biile. Prin urmare, inculpatul trebuia s\u0103 intervin\u0103 pentru anularea licita\u021biilor, scopul urm\u0103rit fiind acela ca SC Tehnologica Radion SRL, prin reprezentantul s\u0103u Berna Theodor, s\u0103 c\u00e2\u0219tige toate cele 3 licita\u021bii&#8221;, se arat\u0103 \u00een rechizitoriu.<br \/>\n&#8220;\u00cen justificarea interesului manifestat de Vasile Blaga, inculpatul V\u00e2lcov Darius Bogdan a ar\u0103tat c\u0103 avea cuno\u0219tin\u021b\u0103 c\u0103 Berna Theodor a fost consilier personal al pre\u0219edintelui Rom\u00e2niei, c\u0103 Tehnologica Radion SRL era condus\u0103 &#8216;din umbr\u0103&#8217; de c\u0103tre greii PDL de la acea vreme, &#8216;printre care se afla \u0219i domnul Vasile Blaga&#8217;. \u00cen contextul acestei \u00eent\u00e2lniri, inculpatul V\u00e2lcov Darius Bogdan a primit de la Vasile Blaga num\u0103rul de telefon al lui Berna Theodor, spun\u00e2ndu-i-se s\u0103-l contacteze c\u0103 este a\u0219teptat. Astfel, l-a sunat pe Berna Theodor \u0219i s-a \u00eent\u00e2lnit cu acesta la sediul Tehnologica Radion SRL, unde s-au purtat discu\u021bii despre posibilit\u0103\u021bile tehnice \u0219i financiare ale societ\u0103\u021bii, martorul l\u0103s\u00e2ndu-l s\u0103 \u00een\u021beleag\u0103 c\u0103 \u0219tie &#8216;cine este \u0219i din partea cui vine&#8217;. \u00cen perioada 2009-2010, \u00een cadrul unor \u00eent\u00e2lniri regulate cu Vasile Blaga, at\u00e2t la partid, c\u00e2t \u0219i \u00een Slatina, cu ocazia unor vizite la blocurile care erau reabilitate \u0219i cu ocazia inaugur\u0103rii unora dintre ele, acesta s-a interesat permanent de Tehnologica Radion SRL&#8221;, mai spun procurorii.<br \/>\nDarius V\u00e2lcov a mai declarat la DNA c\u0103, despre solicitarea lui Vasile Blaga de a sprijini c\u00e2\u0219tigarea licita\u021biilor i-a relatat \u0219i administratorului public de la acea dat\u0103, Minel Prina, aspect confirmat de acesta din urm\u0103.<br \/>\nAstfel, Minel Prina a sus\u021binut la DNA, at\u00e2t cu prilejul audierii, c\u00e2t \u0219i cu prilejul confrunt\u0103rii cu Darius V\u00e2lcov, c\u0103 \u00een anul 2009 fostul ministru de finan\u021be i-a spus c\u0103 Theodor Berna este reprezentantul lui Vasile Blaga \u0219i c\u0103 trebuie s\u0103 ajute Tehnologica Radion SRL s\u0103 c\u00e2\u0219tige licita\u021biile la SC Compania de Ap\u0103 Olt SA.<br \/>\n&#8220;Rezult\u0103 acceptarea de c\u0103tre inculpatul V\u00e2lcov Darius a propunerii de a-\u0219i exercita influen\u021ba real\u0103 \u2014 ce decurgea din calitatea de primar al municipiului Slatina \u0219i de pre\u0219edinte al organiza\u021biei PDL Olt \u2014 pe l\u00e2ng\u0103 membrii comisiei de licita\u021bie din cadrul autorit\u0103\u021bii contractante SC Compania de Ap\u0103 Olt SA, respectiv pe l\u00e2ng\u0103 persoanele din cadrul Consiliului Na\u021bional pentru Solu\u021bionarea Contesta\u021biilor \u00een leg\u0103tur\u0103 cu respingerea contesta\u021biilor formulate de ceilal\u021bi participan\u021bi la licita\u021bie, exercitarea influen\u021bei fiind justificat\u0103 de condi\u021bionarea de c\u0103tre Vasile Blaga \u2014 secretar general al PDL \u0219i ministru \u00een func\u021bie \u00een cadrul Ministerului Dezvolt\u0103rii Regionale la data respectiv\u0103 \u2014 a atribuirii fondurilor pentru Prim\u0103ria Slatina, \u00een schimbul sprijinirii SC Tehnologica Radion SRL s\u0103 c\u00e2\u0219tige licita\u021biile pentru reabilitarea \u0219i extinderea lucr\u0103rilor re\u021belelor de ap\u0103 \u0219i canalizare&#8221;, se mai arat\u0103 \u00een rechizitoriu .<br \/>\nSursa: Agerpres<\/div>\n<p> Source URL: https:\/\/observatornews.ro\/politic\/vasile-blaga-denunat-de-darius-valcov-la-dna-152707.html<\/p>\n","protected":false},"excerpt":{"rendered":"<p>Fostul ministru al Finan\u021belor Darius V\u00e2lcov le-a declarat procurorilor DNA c\u0103 Vasile Blaga, co-pre\u0219edinte PNL, a f\u0103cut interven\u021bii pentru ca firma Tehnologica Radion, administrat\u0103 de Theodor Berna, s\u0103 c\u00e2\u0219tige contracte de reabilitare a re\u021belelor de ap\u0103 \u0219i canalizare din jude\u021bul Olt Fostul ministru al Finan\u021belor Darius V\u00e2lcov le-a declarat procurorilor DNA c\u0103 Vasile Blaga, co-pre\u0219edinte [&hellip;]<\/p>\n","protected":false},"author":1,"featured_media":380992,"comment_status":"open","ping_status":"","sticky":false,"template":"","format":"standard","meta":{"footnotes":""},"categories":[2],"tags":[30],"class_list":["post-380991","post","type-post","status-publish","format-standard","has-post-thumbnail","hentry","category-politics","tag-observatornews-ro"],"_links":{"self":[{"href":"https:\/\/analyse.optim.biz\/index.php?rest_route=\/wp\/v2\/posts\/380991","targetHints":{"allow":["GET"]}}],"collection":[{"href":"https:\/\/analyse.optim.biz\/index.php?rest_route=\/wp\/v2\/posts"}],"about":[{"href":"https:\/\/analyse.optim.biz\/index.php?rest_route=\/wp\/v2\/types\/post"}],"author":[{"embeddable":true,"href":"https:\/\/analyse.optim.biz\/index.php?rest_route=\/wp\/v2\/users\/1"}],"replies":[{"embeddable":true,"href":"https:\/\/analyse.optim.biz\/index.php?rest_route=%2Fwp%2Fv2%2Fcomments&post=380991"}],"version-history":[{"count":0,"href":"https:\/\/analyse.optim.biz\/index.php?rest_route=\/wp\/v2\/posts\/380991\/revisions"}],"wp:featuredmedia":[{"embeddable":true,"href":"https:\/\/analyse.optim.biz\/index.php?rest_route=\/wp\/v2\/media\/380992"}],"wp:attachment":[{"href":"https:\/\/analyse.optim.biz\/index.php?rest_route=%2Fwp%2Fv2%2Fmedia&parent=380991"}],"wp:term":[{"taxonomy":"category","embeddable":true,"href":"https:\/\/analyse.optim.biz\/index.php?rest_route=%2Fwp%2Fv2%2Fcategories&post=380991"},{"taxonomy":"post_tag","embeddable":true,"href":"https:\/\/analyse.optim.biz\/index.php?rest_route=%2Fwp%2Fv2%2Ftags&post=380991"}],"curies":[{"name":"wp","href":"https:\/\/api.w.org\/{rel}","templated":true}]}}