{"id":380932,"date":"2015-05-22T05:53:00","date_gmt":"2015-05-22T02:53:00","guid":{"rendered":"https:\/\/analyse.optim.biz\/?p=380932"},"modified":"2015-05-22T05:53:00","modified_gmt":"2015-05-22T02:53:00","slug":"radu-mazare-in-arest-la-domiciliu","status":"publish","type":"post","link":"https:\/\/analyse.optim.biz\/?p=380932","title":{"rendered":"Radu Maz\u0103re, \u00een arest la domiciliu?"},"content":{"rendered":"<div class=\"description\" data-key=\"description\">Instan\u0163a suprem\u0103 a admis cererea primarului suspendat al municipiului Constan\u0163a, Radu Maz\u0103re, de \u00eenlocuire a arestului preventiv cu cel la domiciliu, \u00een dosarul \u00een care este acuzat c\u0103 a luat mit\u0103 nou\u0103 milioane de euro de la firme pe care le-a sprijinit \u00een ob\u0163inerea de autoriza\u0163ii.<\/div>\n<div class=\"articleBody\" data-key=\"articleBody\">Instan\u0163a suprem\u0103 a admis cererea primarului suspendat al municipiului Constan\u0163a, Radu Maz\u0103re, de \u00eenlocuire a arestului preventiv cu cel la domiciliu, \u00een dosarul \u00een care este acuzat c\u0103 a luat mit\u0103 nou\u0103 milioane de euro de la firme pe care le-a sprijinit \u00een ob\u0163inerea de autoriza\u0163ii.\u00a0<br \/>\nHot\u0103r\u00e2rea de joi a instan\u0163ei nu este definitiv\u0103, motiv pentru care ea poate fi contestat\u0103 de procurorii anticorup\u0163ie.<br \/>\nPotrivit Mediafax, p\u00e2n\u0103 la r\u0103m\u00e2nerea definitiv\u0103 a sentin\u0163ei, edilul suspendat va sta \u00een Arestul central al Poli\u0163iei.<br \/>\nRadu Maz\u0103re a fost arestat \u00een 2 aprilie, \u00een dosarul \u00een care este acuzat c\u0103 a luat mit\u0103 nou\u0103 milioane de euro de la firme pe care le-a sprijinit \u00een ob\u0163inerea de autoriza\u0163ii. Tot atunci a fost emis un mandat de arestare \u015fi pentru Strutinsky, \u00eens\u0103 acesta era deja arestat preventiv \u00eentr-un alt dosar.<\/div>\n<p> Source URL: https:\/\/observatornews.ro\/politic\/radu-mazare-in-arest-la-domiciliu-152748.html<\/p>\n","protected":false},"excerpt":{"rendered":"<p>Instan\u0163a suprem\u0103 a admis cererea primarului suspendat al municipiului Constan\u0163a, Radu Maz\u0103re, de \u00eenlocuire a arestului preventiv cu cel la domiciliu, \u00een dosarul \u00een care este acuzat c\u0103 a luat mit\u0103 nou\u0103 milioane de euro de la firme pe care le-a sprijinit \u00een ob\u0163inerea de autoriza\u0163ii. Instan\u0163a suprem\u0103 a admis cererea primarului suspendat al municipiului [&hellip;]<\/p>\n","protected":false},"author":1,"featured_media":380934,"comment_status":"open","ping_status":"","sticky":false,"template":"","format":"standard","meta":{"footnotes":""},"categories":[2],"tags":[30],"class_list":["post-380932","post","type-post","status-publish","format-standard","has-post-thumbnail","hentry","category-politics","tag-observatornews-ro"],"_links":{"self":[{"href":"https:\/\/analyse.optim.biz\/index.php?rest_route=\/wp\/v2\/posts\/380932","targetHints":{"allow":["GET"]}}],"collection":[{"href":"https:\/\/analyse.optim.biz\/index.php?rest_route=\/wp\/v2\/posts"}],"about":[{"href":"https:\/\/analyse.optim.biz\/index.php?rest_route=\/wp\/v2\/types\/post"}],"author":[{"embeddable":true,"href":"https:\/\/analyse.optim.biz\/index.php?rest_route=\/wp\/v2\/users\/1"}],"replies":[{"embeddable":true,"href":"https:\/\/analyse.optim.biz\/index.php?rest_route=%2Fwp%2Fv2%2Fcomments&post=380932"}],"version-history":[{"count":0,"href":"https:\/\/analyse.optim.biz\/index.php?rest_route=\/wp\/v2\/posts\/380932\/revisions"}],"wp:featuredmedia":[{"embeddable":true,"href":"https:\/\/analyse.optim.biz\/index.php?rest_route=\/wp\/v2\/media\/380934"}],"wp:attachment":[{"href":"https:\/\/analyse.optim.biz\/index.php?rest_route=%2Fwp%2Fv2%2Fmedia&parent=380932"}],"wp:term":[{"taxonomy":"category","embeddable":true,"href":"https:\/\/analyse.optim.biz\/index.php?rest_route=%2Fwp%2Fv2%2Fcategories&post=380932"},{"taxonomy":"post_tag","embeddable":true,"href":"https:\/\/analyse.optim.biz\/index.php?rest_route=%2Fwp%2Fv2%2Ftags&post=380932"}],"curies":[{"name":"wp","href":"https:\/\/api.w.org\/{rel}","templated":true}]}}