{"id":380926,"date":"2015-05-22T12:54:00","date_gmt":"2015-05-22T09:54:00","guid":{"rendered":"https:\/\/analyse.optim.biz\/?p=380926"},"modified":"2015-05-22T12:54:00","modified_gmt":"2015-05-22T09:54:00","slug":"fostul-primar-cristian-poteras-condamnat-definitiv-la-8-ani-inchisoare","status":"publish","type":"post","link":"https:\/\/analyse.optim.biz\/?p=380926","title":{"rendered":"Fostul primar Cristian Potera\u0219, condamnat definitiv la 8 ani \u00eenchisoare"},"content":{"rendered":"<div class=\"description\" data-key=\"description\">Fostul primar al sectorului 6 al Capitalei Cristian Potera\u0219 a fost condamnat definitiv vineri de magistra\u021bii Cur\u021bii de Apel Bucure\u0219ti la 8 ani \u00eenchisoare cu executare, pentru s\u0103v\u00e2r\u0219irea infrac\u021biunii de abuz \u00een serviciu \u00eentr-un dosar privind retrocedarea ilegal\u0103 a unor terenuri din Bucure\u0219ti.<\/div>\n<div class=\"articleBody\" data-key=\"articleBody\">Fostul primar al sectorului 6 al Capitalei Cristian Potera\u0219 a fost condamnat definitiv vineri de magistra\u021bii Cur\u021bii de Apel Bucure\u0219ti la 8 ani \u00eenchisoare cu executare, pentru s\u0103v\u00e2r\u0219irea infrac\u021biunii de abuz \u00een serviciu \u00eentr-un dosar privind retrocedarea ilegal\u0103 a unor terenuri din Bucure\u0219ti.\u00a0<br \/>\nEste o decizie defitiniv\u0103 \u00eentr-un dosar \u00een care Potera\u015f era acuzat de abut \u00een serviciu privind restituirea unor terenuri din Bucure\u015fti. Ini\u0163ial, Potera\u015f a fost achitat de c\u0103tre judec\u0103toria Sectorului 6, dar dosarul a ajuns ulterior la Curtea de Apel, unde a fost dat\u0103 aceast\u0103 sentin\u0163\u0103<\/div>\n<p> Source URL: https:\/\/observatornews.ro\/politic\/fostul-primar-cristian-potera-condamnat-definitiv-la-8-ani-inchisoare-152767.html<\/p>\n","protected":false},"excerpt":{"rendered":"<p>Fostul primar al sectorului 6 al Capitalei Cristian Potera\u0219 a fost condamnat definitiv vineri de magistra\u021bii Cur\u021bii de Apel Bucure\u0219ti la 8 ani \u00eenchisoare cu executare, pentru s\u0103v\u00e2r\u0219irea infrac\u021biunii de abuz \u00een serviciu \u00eentr-un dosar privind retrocedarea ilegal\u0103 a unor terenuri din Bucure\u0219ti. Fostul primar al sectorului 6 al Capitalei Cristian Potera\u0219 a fost condamnat [&hellip;]<\/p>\n","protected":false},"author":1,"featured_media":380928,"comment_status":"open","ping_status":"","sticky":false,"template":"","format":"standard","meta":{"footnotes":""},"categories":[2],"tags":[30],"class_list":["post-380926","post","type-post","status-publish","format-standard","has-post-thumbnail","hentry","category-politics","tag-observatornews-ro"],"_links":{"self":[{"href":"https:\/\/analyse.optim.biz\/index.php?rest_route=\/wp\/v2\/posts\/380926","targetHints":{"allow":["GET"]}}],"collection":[{"href":"https:\/\/analyse.optim.biz\/index.php?rest_route=\/wp\/v2\/posts"}],"about":[{"href":"https:\/\/analyse.optim.biz\/index.php?rest_route=\/wp\/v2\/types\/post"}],"author":[{"embeddable":true,"href":"https:\/\/analyse.optim.biz\/index.php?rest_route=\/wp\/v2\/users\/1"}],"replies":[{"embeddable":true,"href":"https:\/\/analyse.optim.biz\/index.php?rest_route=%2Fwp%2Fv2%2Fcomments&post=380926"}],"version-history":[{"count":0,"href":"https:\/\/analyse.optim.biz\/index.php?rest_route=\/wp\/v2\/posts\/380926\/revisions"}],"wp:featuredmedia":[{"embeddable":true,"href":"https:\/\/analyse.optim.biz\/index.php?rest_route=\/wp\/v2\/media\/380928"}],"wp:attachment":[{"href":"https:\/\/analyse.optim.biz\/index.php?rest_route=%2Fwp%2Fv2%2Fmedia&parent=380926"}],"wp:term":[{"taxonomy":"category","embeddable":true,"href":"https:\/\/analyse.optim.biz\/index.php?rest_route=%2Fwp%2Fv2%2Fcategories&post=380926"},{"taxonomy":"post_tag","embeddable":true,"href":"https:\/\/analyse.optim.biz\/index.php?rest_route=%2Fwp%2Fv2%2Ftags&post=380926"}],"curies":[{"name":"wp","href":"https:\/\/api.w.org\/{rel}","templated":true}]}}