{"id":380925,"date":"2015-05-22T13:00:00","date_gmt":"2015-05-22T10:00:00","guid":{"rendered":"https:\/\/analyse.optim.biz\/?p=380925"},"modified":"2015-05-22T13:00:00","modified_gmt":"2015-05-22T10:00:00","slug":"radu-mazare-a-renuntat-la-functia-de-primar","status":"publish","type":"post","link":"https:\/\/analyse.optim.biz\/?p=380925","title":{"rendered":"Radu Maz\u0103re a renun\u021bat la func\u021bia de PRIMAR!"},"content":{"rendered":"<div class=\"description\" data-key=\"description\">Radu Maz\u0103re \u0219i-a depus demisia din func\u021bia de primar al municipiului Constan\u021ba, documentul olograf fiind scris \u00een arestul central al Poli\u021biei Capitalei \u0219i \u00eenregistrat la Prim\u0103ria Constan\u021ba vineri, 22 mai<\/div>\n<div class=\"articleBody\" data-key=\"articleBody\">Radu Maz\u0103re \u0219i-a depus demisia din func\u021bia de primar al municipiului Constan\u021ba, documentul olograf fiind scris \u00een arestul central al Poli\u021biei Capitalei \u0219i \u00eenregistrat la Prim\u0103ria Constan\u021ba vineri, 22 mai<br \/>\nPotrivit purt\u0103torului de cuv\u00e2nt al Prim\u0103riei Constan\u021ba, Liviu Tramudana, demisia, transmis\u0103 c\u0103tre Consiliul Local Municipal \u0219i Prim\u0103ria Municipiului Constan\u021ba, a fost \u00eenregistrat\u0103 oficial \u0219i adus\u0103 la cuno\u0219tin\u021b\u0103 prefectului jude\u021bului Constan\u021ba, urm\u00e2nd s\u0103 fie prezentat\u0103, formal, \u0219i \u00een proxima \u0219edin\u021b\u0103 a Consiliului Local.<br \/>\n\u00cen textul documentului de renun\u021bare la func\u021bia de primar, se arat\u0103: &#8216;Vreau s\u0103 mul\u021bumesc sutelor de mii de oameni care m-au votat pe perioada celor 15 ani c\u00e2t am fost primar. Constan\u021ba \u0219i const\u0103n\u021benii au fost sufletul meu \u0219i datoria mea \u00een tot acest timp. Chiar dac\u0103 uneori am fost prea verbal sau nonconformist, toat\u0103 priceperea \u0219i energia mea mi-am dedicat-o comunit\u0103\u021bii. Pentru gre\u0219elile f\u0103cute \u00eemi cer iertare \u00een fa\u021ba tuturor. Dorin\u021ba mea de a face bine ora\u0219ului \u0219i locuitorilor s\u0103i nu justific\u0103 \u00eens\u0103 nedrept\u0103\u021bile, stresul \u0219i chinul la care sunt supus de at\u00e2ta vreme, drept pentru care demisionez din func\u021bia de primar al municipiului Constan\u021ba. Colegilor \u0219i prietenilor le sunt dator cu mult respect \u0219i considera\u021bie. \u00cencep\u00e2nd de ast\u0103zi nu-mi mai doresc o via\u021b\u0103 public\u0103 politic\u0103 \u2014 Radu \u0218tefan Maz\u0103re&#8221;.<br \/>\n\u00cen urm\u0103 cu c\u00e2teva luni, Radu Maz\u0103re vorbise despre inten\u021bia de a demisiona de la prim\u0103rie \u00een vara acestui an.<br \/>\n\u00cenalta Curte de Casa\u021bie \u0219i Justi\u021bie a decis joi ca primarul municipiului Constan\u021ba, Radu Maz\u0103re, s\u0103 fie cercetat \u00een arest la domiciliu, \u00eentr-un dosar \u00een care este acuzat de DNA de fapte de corup\u021bie, \u00eens\u0103 decizia instan\u021bei nu este definitiv\u0103. Curtea suprem\u0103 a admis o cerere a lui Radu Maz\u0103re de \u00eenlocuire a arestului preventiv cu m\u0103sura arestului la domiciliu.<br \/>\nRadu Maz\u0103re se afl\u0103 \u00een arest preventiv din 2 aprilie.<br \/>\nPotrivit DNA, \u00een perioada 2006-2009, Radu Maz\u0103re, beneficiind de ajutorul omului de afaceri Sorin Strutinsky, a solicitat \u0219i primit circa 2 milioane de euro de la reprezentan\u021bii a dou\u0103 societ\u0103\u021bi comerciale, \u00een scopul facilit\u0103rii emiterii documenta\u021biilor de urbanism necesare dezvolt\u0103rii unor proiecte imobiliare de tip mall, pe care aceste firme inten\u021bionau s\u0103 le deschid\u0103 \u00een Constan\u021ba.<br \/>\nSursa: Agerpres<\/div>\n<p> Source URL: https:\/\/observatornews.ro\/politic\/radu-mazare-a-renunat-la-funcia-de-primar-152768.html<\/p>\n","protected":false},"excerpt":{"rendered":"<p>Radu Maz\u0103re \u0219i-a depus demisia din func\u021bia de primar al municipiului Constan\u021ba, documentul olograf fiind scris \u00een arestul central al Poli\u021biei Capitalei \u0219i \u00eenregistrat la Prim\u0103ria Constan\u021ba vineri, 22 mai Radu Maz\u0103re \u0219i-a depus demisia din func\u021bia de primar al municipiului Constan\u021ba, documentul olograf fiind scris \u00een arestul central al Poli\u021biei Capitalei \u0219i \u00eenregistrat la [&hellip;]<\/p>\n","protected":false},"author":1,"featured_media":0,"comment_status":"open","ping_status":"","sticky":false,"template":"","format":"standard","meta":{"footnotes":""},"categories":[2],"tags":[30],"class_list":["post-380925","post","type-post","status-publish","format-standard","hentry","category-politics","tag-observatornews-ro"],"_links":{"self":[{"href":"https:\/\/analyse.optim.biz\/index.php?rest_route=\/wp\/v2\/posts\/380925","targetHints":{"allow":["GET"]}}],"collection":[{"href":"https:\/\/analyse.optim.biz\/index.php?rest_route=\/wp\/v2\/posts"}],"about":[{"href":"https:\/\/analyse.optim.biz\/index.php?rest_route=\/wp\/v2\/types\/post"}],"author":[{"embeddable":true,"href":"https:\/\/analyse.optim.biz\/index.php?rest_route=\/wp\/v2\/users\/1"}],"replies":[{"embeddable":true,"href":"https:\/\/analyse.optim.biz\/index.php?rest_route=%2Fwp%2Fv2%2Fcomments&post=380925"}],"version-history":[{"count":0,"href":"https:\/\/analyse.optim.biz\/index.php?rest_route=\/wp\/v2\/posts\/380925\/revisions"}],"wp:attachment":[{"href":"https:\/\/analyse.optim.biz\/index.php?rest_route=%2Fwp%2Fv2%2Fmedia&parent=380925"}],"wp:term":[{"taxonomy":"category","embeddable":true,"href":"https:\/\/analyse.optim.biz\/index.php?rest_route=%2Fwp%2Fv2%2Fcategories&post=380925"},{"taxonomy":"post_tag","embeddable":true,"href":"https:\/\/analyse.optim.biz\/index.php?rest_route=%2Fwp%2Fv2%2Ftags&post=380925"}],"curies":[{"name":"wp","href":"https:\/\/api.w.org\/{rel}","templated":true}]}}