{"id":380871,"date":"2015-05-22T13:50:00","date_gmt":"2015-05-22T10:50:00","guid":{"rendered":"https:\/\/analyse.optim.biz\/?p=380871"},"modified":"2015-05-22T13:50:00","modified_gmt":"2015-05-22T10:50:00","slug":"cerintele-presedintelui-klaus-iohannis-la-summitul-de-la-riga","status":"publish","type":"post","link":"https:\/\/analyse.optim.biz\/?p=380871","title":{"rendered":"Cerin\u0163ele pre\u015fedintelui Klaus Iohannis la summitul de la Riga"},"content":{"rendered":"<div class=\"description\" data-key=\"description\">Pre\u015fedintele Klaus Iohannis a declarat, vineri, pe Aeroportul Henri Coand\u0103, c\u0103 a sus\u0163inut la summitul de la Riga c\u0103 este necesar ca UE s\u0103 men\u0163in\u0103 &#8220;deschis\u0103&#8221; perspectiva european\u0103 pentru statele partenere din Parteneriatul Estic care doresc s\u0103 avanseze pe aceast\u0103 cale<\/div>\n<div class=\"articleBody\" data-key=\"articleBody\">\nPre\u015fedintele Klaus Iohannis a declarat, vineri, pe Aeroportul Henri Coand\u0103, c\u0103 a sus\u0163inut la summitul de la Riga c\u0103 este necesar ca UE s\u0103 men\u0163in\u0103 &#8220;deschis\u0103&#8221; perspectiva european\u0103 pentru statele partenere din Parteneriatul Estic care doresc s\u0103 avanseze pe aceast\u0103 cale<br \/>\n&#8220;Am sus\u0163inut, \u00een cadrul dezbaterilor, consolidarea rolului Parteneriatului Estic, ca instrument strategic pentru dezvoltarea rela\u0163iilor UE cu vecin\u0103tatea estic\u0103, pentru promovarea stabilit\u0103\u0163ii, dezvolt\u0103rii democratice \u015fi prosperit\u0103\u0163ii \u00een \u00eentreaga regiune&#8221;, a declarat, vineri, pre\u015fedintele Klaus Iohannis, pe Aeroportul Henri Coand\u0103, la revenirea de la cel de-al patrulea summit al Parteneriatului Estic de la Riga, conform Antena3.<br \/>\n\u015eeful statului a precizat c\u0103 summitul a f\u0103cut o evaluare a rezultatelor concrete ob\u0163inute de statele partenere \u00een perioada post-Vilnius, precum semnarea Acordurilor de Asociere \u015fi de Liber Schimb cu Republica Moldova, Georgia \u015fi Ucraina, \u00eenceperea aplic\u0103rii provizorii a acestor acorduri \u00een Republica Moldova \u015fi Georgia, implementarea provizorie a unor componente importante din Acordul de Asociere cu Ucraina \u015fi liberalizarea regimului de vize pentru cet\u0103\u0163enii Republicii Moldova.<br \/>\n&#8220;Rom\u00e2nia a ac\u0163ionat \u00een mod constant \u015fi concret pentru avansarea procesului de asociere politic\u0103 \u015fi integrare economic\u0103 a statelor partenere, inclusiv prin oferirea de expertiz\u0103 \u00een procesul de reform\u0103 \u015fi \u00een procesul de implementare a Acordurilor de Asociere \u015fi de Liber Schimb. Procesul de implementare trebuie s\u0103 r\u0103m\u00e2n\u0103 \u00een continuare o prioritate. De aceea, am sus\u0163inut foarte clar faptul c\u0103 Uniunea trebuie s\u0103 sprijine acest proces prin asisten\u0163\u0103 financiar\u0103 \u015fi tehnic\u0103. Totodat\u0103, la Summit s-a discutat despre direc\u0163iile de ac\u0163iune \u00een viitor&#8221;, a afirmat Iohannis.<br \/>\nReferitor la Declara\u0163ia Comun\u0103 a summitului, Iohannis a subliniat c\u0103 prin ea &#8220;s-a reconfirmat dreptul suveran al fiec\u0103rui partener de a alege nivelul de ambi\u0163ie \u015fi obiectivele la care aspir\u0103 \u00een rela\u0163ia cu Uniunea European\u0103&#8221;. &#8220;S-a reafirmat faptul c\u0103 este prerogativa exclusiv\u0103 a UE \u015fi a statelor partenere de a decide asupra rela\u0163iilor lor \u015fi asupra nivelului de interac\u0163iune&#8221;, a spus Iohannis.<\/div>\n<p> Source URL: https:\/\/observatornews.ro\/politic\/cerintele-presedintelui-klaus-iohannis-la-summitul-de-la-riga-152781.html<\/p>\n","protected":false},"excerpt":{"rendered":"<p>Pre\u015fedintele Klaus Iohannis a declarat, vineri, pe Aeroportul Henri Coand\u0103, c\u0103 a sus\u0163inut la summitul de la Riga c\u0103 este necesar ca UE s\u0103 men\u0163in\u0103 &#8220;deschis\u0103&#8221; perspectiva european\u0103 pentru statele partenere din Parteneriatul Estic care doresc s\u0103 avanseze pe aceast\u0103 cale Pre\u015fedintele Klaus Iohannis a declarat, vineri, pe Aeroportul Henri Coand\u0103, c\u0103 a sus\u0163inut la [&hellip;]<\/p>\n","protected":false},"author":1,"featured_media":0,"comment_status":"open","ping_status":"","sticky":false,"template":"","format":"standard","meta":{"footnotes":""},"categories":[2],"tags":[30],"class_list":["post-380871","post","type-post","status-publish","format-standard","hentry","category-politics","tag-observatornews-ro"],"_links":{"self":[{"href":"https:\/\/analyse.optim.biz\/index.php?rest_route=\/wp\/v2\/posts\/380871","targetHints":{"allow":["GET"]}}],"collection":[{"href":"https:\/\/analyse.optim.biz\/index.php?rest_route=\/wp\/v2\/posts"}],"about":[{"href":"https:\/\/analyse.optim.biz\/index.php?rest_route=\/wp\/v2\/types\/post"}],"author":[{"embeddable":true,"href":"https:\/\/analyse.optim.biz\/index.php?rest_route=\/wp\/v2\/users\/1"}],"replies":[{"embeddable":true,"href":"https:\/\/analyse.optim.biz\/index.php?rest_route=%2Fwp%2Fv2%2Fcomments&post=380871"}],"version-history":[{"count":0,"href":"https:\/\/analyse.optim.biz\/index.php?rest_route=\/wp\/v2\/posts\/380871\/revisions"}],"wp:attachment":[{"href":"https:\/\/analyse.optim.biz\/index.php?rest_route=%2Fwp%2Fv2%2Fmedia&parent=380871"}],"wp:term":[{"taxonomy":"category","embeddable":true,"href":"https:\/\/analyse.optim.biz\/index.php?rest_route=%2Fwp%2Fv2%2Fcategories&post=380871"},{"taxonomy":"post_tag","embeddable":true,"href":"https:\/\/analyse.optim.biz\/index.php?rest_route=%2Fwp%2Fv2%2Ftags&post=380871"}],"curies":[{"name":"wp","href":"https:\/\/api.w.org\/{rel}","templated":true}]}}