{"id":380641,"date":"2015-06-01T14:31:00","date_gmt":"2015-06-01T11:31:00","guid":{"rendered":"https:\/\/analyse.optim.biz\/?p=380641"},"modified":"2015-06-01T14:31:00","modified_gmt":"2015-06-01T11:31:00","slug":"iohannis-a-numit-o-consilier-de-stat-pe-diana-loreta-paun","status":"publish","type":"post","link":"https:\/\/analyse.optim.biz\/?p=380641","title":{"rendered":"Iohannis a numit-o consilier de stat pe Diana Loreta P\u0103un"},"content":{"rendered":"<div class=\"description\" data-key=\"description\">Pre\u015fedintele Klaus Iohannis a numit-o, luni, pe Diana Loreta P\u0103un \u00een func\u0163ia de consilier de stat la Departamentul S\u0103n\u0103tate Public\u0103<\/div>\n<div class=\"articleBody\" data-key=\"articleBody\">Pre\u015fedintele Klaus Iohannis a numit-o, luni, pe Diana Loreta P\u0103un \u00een func\u0163ia de consilier de stat la Departamentul S\u0103n\u0103tate Public\u0103<br \/>\nDiana Loreta P\u0103un, n\u0103scut\u0103 \u00een Bucure\u015fti, \u00een 1968, este medic primar endocrinolog \u015fi conferen\u0163iar universitar la disciplina Endocrinologie a Universit\u0103\u0163ii de Medicin\u0103 \u015fi Farmacie &#8220;Carol Davila&#8221; din Bucure\u015fti.<\/div>\n<p> Source URL: https:\/\/observatornews.ro\/politic\/iohannis-a-numito-consilier-de-stat-pe-diana-loreta-paun-153425.html<\/p>\n","protected":false},"excerpt":{"rendered":"<p>Pre\u015fedintele Klaus Iohannis a numit-o, luni, pe Diana Loreta P\u0103un \u00een func\u0163ia de consilier de stat la Departamentul S\u0103n\u0103tate Public\u0103 Pre\u015fedintele Klaus Iohannis a numit-o, luni, pe Diana Loreta P\u0103un \u00een func\u0163ia de consilier de stat la Departamentul S\u0103n\u0103tate Public\u0103 Diana Loreta P\u0103un, n\u0103scut\u0103 \u00een Bucure\u015fti, \u00een 1968, este medic primar endocrinolog \u015fi conferen\u0163iar universitar [&hellip;]<\/p>\n","protected":false},"author":1,"featured_media":380642,"comment_status":"open","ping_status":"","sticky":false,"template":"","format":"standard","meta":{"footnotes":""},"categories":[2],"tags":[30],"class_list":["post-380641","post","type-post","status-publish","format-standard","has-post-thumbnail","hentry","category-politics","tag-observatornews-ro"],"_links":{"self":[{"href":"https:\/\/analyse.optim.biz\/index.php?rest_route=\/wp\/v2\/posts\/380641","targetHints":{"allow":["GET"]}}],"collection":[{"href":"https:\/\/analyse.optim.biz\/index.php?rest_route=\/wp\/v2\/posts"}],"about":[{"href":"https:\/\/analyse.optim.biz\/index.php?rest_route=\/wp\/v2\/types\/post"}],"author":[{"embeddable":true,"href":"https:\/\/analyse.optim.biz\/index.php?rest_route=\/wp\/v2\/users\/1"}],"replies":[{"embeddable":true,"href":"https:\/\/analyse.optim.biz\/index.php?rest_route=%2Fwp%2Fv2%2Fcomments&post=380641"}],"version-history":[{"count":0,"href":"https:\/\/analyse.optim.biz\/index.php?rest_route=\/wp\/v2\/posts\/380641\/revisions"}],"wp:featuredmedia":[{"embeddable":true,"href":"https:\/\/analyse.optim.biz\/index.php?rest_route=\/wp\/v2\/media\/380642"}],"wp:attachment":[{"href":"https:\/\/analyse.optim.biz\/index.php?rest_route=%2Fwp%2Fv2%2Fmedia&parent=380641"}],"wp:term":[{"taxonomy":"category","embeddable":true,"href":"https:\/\/analyse.optim.biz\/index.php?rest_route=%2Fwp%2Fv2%2Fcategories&post=380641"},{"taxonomy":"post_tag","embeddable":true,"href":"https:\/\/analyse.optim.biz\/index.php?rest_route=%2Fwp%2Fv2%2Ftags&post=380641"}],"curies":[{"name":"wp","href":"https:\/\/api.w.org\/{rel}","templated":true}]}}