{"id":379999,"date":"2015-06-09T15:15:00","date_gmt":"2015-06-09T12:15:00","guid":{"rendered":"https:\/\/analyse.optim.biz\/?p=379999"},"modified":"2015-06-09T15:15:00","modified_gmt":"2015-06-09T12:15:00","slug":"iohannis-despre-ponta-e-o-zi-trista-pentru-democratie","status":"publish","type":"post","link":"https:\/\/analyse.optim.biz\/?p=379999","title":{"rendered":"Iohannis, despre Ponta: E o zi trist\u0103 pentru democra\u0163ie"},"content":{"rendered":"<div class=\"description\" data-key=\"description\">Pre\u015fedintele Klaus Iohannis face o declara\u0163ie de pres\u0103 la finalul \u015fedin\u0163ei CSAT, care a avut pe ordinea de zi mai multe subiecte, \u00eentre care defri\u015f\u0103rile ilegale ale fondului forestier na\u0163ional, Strategia Na\u0163ional\u0103 de Ap\u0103rare a \u0163\u0103rii \u015fi evolu\u0163iile din Ucraina<\/div>\n<div class=\"articleBody\" data-key=\"articleBody\">Pre\u015fedintele Klaus Iohannis face o declara\u0163ie de pres\u0103 la finalul \u015fedin\u0163ei CSAT, care a avut pe ordinea de zi mai multe subiecte, \u00eentre care defri\u015f\u0103rile ilegale ale fondului forestier na\u0163ional, Strategia Na\u0163ional\u0103 de Ap\u0103rare a \u0163\u0103rii \u015fi evolu\u0163iile din Ucraina<br \/>\nIat\u0103 cele mai importante declara\u0163ii ale pre\u015fedintelui Iohannis:<br \/>\n&#8211; evenimente notabile pe care vreu s\u0103 le comentez pe scurt: votul de diminea\u0163a si \u015fedinta CSAT<br \/>\n&#8211; primul punct de pe ordinea de zi a fost Strategia na\u0163ional\u0103 de Aparare pe care am prezentat-o. Am intitulat-o &#8220;O Rom\u00e2nie puternic\u0103 \u00een Europa \u015fi \u00een lume&#8221;.<br \/>\n&#8211; \u00eenseamn\u0103 un stat care \u00ee\u015fi ap\u0103r\u0103 cet\u0103\u0163enii oriunde s-ar afla ei, un stat care contribuie la men\u0163inerea securit\u0103\u0163ii colective al\u0103turi de partenerii ei.<br \/>\n&#8211; continuitatea \u015fi predictibilitatea ne fac o \u0163ar\u0103 credibil\u0103 \u00een lume<br \/>\n&#8211; membrii csat au decis promovarea strategiei c\u0103tre Parlamentul Rom\u00e2niei pentru aprobarea acesteia \u00een plen<br \/>\n&#8211; problema defris\u0103rilor ilegale \u0163ine de securitatea na\u0163ional\u0103. Guvernul Rom\u00e2niei s\u0103 ia masuri spre schimbarea actualului cadru legislativ. Consiliul a hotarat ca Ministerul Mediului s\u0103 intreprinda masurile necesare spre identificarea terenurilor degradate<br \/>\n&#8211; CSAT a aprobat astazi For\u0163ele armate ale Rom\u00e2niei care pot fi dispuse la opera\u0163ii \u00een afara statului rom\u00e2n \u00een 2016<br \/>\n&#8211; \u00cen leg\u0103tur\u0103 cu votul dat ast\u0103zi \u00een Parlament. Ast\u0103zi e o zi trist\u0103 pentru democra\u0163ia din Rom\u00e2nia, pentru milioanele de ceta\u015f\u0163eni care cred in valorile democratice.<br \/>\n&#8211; sa distrugi institu\u0163ii si principii pentru a salva cariera unei persoane este un lucru inacceptabil in democra\u0163ie<br \/>\n&#8211; procurorii DNA \u00eel acuz\u0103 pe Ponta de fapte penale. Primul ministru se declar\u0103 nevinovat. Nici Parlamentul, nici eu, nici Dvs. nu putem stabili cine are dreptate. Singurii sunt judec\u0103torii, dar pentru asta trebuie s\u0103 ajung\u0103 \u00een fa\u0163a instan\u0163ei.<br \/>\n&#8211; Ponta a avut trei variante de reac\u0163ie: prima &#8211; s\u0103 demisioneze, a doua &#8211; s\u0103 \u00ee\u015fi conving\u0103 colegii s\u0103 \u00eencuviin\u0163eze urm\u0103rirea penal\u0103 \u015fi s\u0103 se pun\u0103 la dispozi\u0163ia procurorilor \u015fi judec\u0103torilor, a treia &#8211; cea mai proast\u0103, domnul Ponta s-a folosit de influen\u0163a pe care o are \u015fi a solicitat majorit\u0103\u0163ii parlamentare s\u0103 nu \u00eencuviin\u0163eze urm\u0103rirea penal\u0103.<br \/>\n&#8211; acum domnul Ponta nu mai poate s\u0103 demonstreze c\u0103 are dreptate. A ales s\u0103 sacrifice interesul Rom\u00e2niei pentru interesul propriu. <\/div>\n<p> Source URL: https:\/\/observatornews.ro\/politic\/iohannis-despre-ponta-e-o-zi-trista-pentru-democratie-154127.html<\/p>\n","protected":false},"excerpt":{"rendered":"<p>Pre\u015fedintele Klaus Iohannis face o declara\u0163ie de pres\u0103 la finalul \u015fedin\u0163ei CSAT, care a avut pe ordinea de zi mai multe subiecte, \u00eentre care defri\u015f\u0103rile ilegale ale fondului forestier na\u0163ional, Strategia Na\u0163ional\u0103 de Ap\u0103rare a \u0163\u0103rii \u015fi evolu\u0163iile din Ucraina Pre\u015fedintele Klaus Iohannis face o declara\u0163ie de pres\u0103 la finalul \u015fedin\u0163ei CSAT, care a avut [&hellip;]<\/p>\n","protected":false},"author":1,"featured_media":380000,"comment_status":"open","ping_status":"","sticky":false,"template":"","format":"standard","meta":{"footnotes":""},"categories":[2],"tags":[30],"class_list":["post-379999","post","type-post","status-publish","format-standard","has-post-thumbnail","hentry","category-politics","tag-observatornews-ro"],"_links":{"self":[{"href":"https:\/\/analyse.optim.biz\/index.php?rest_route=\/wp\/v2\/posts\/379999","targetHints":{"allow":["GET"]}}],"collection":[{"href":"https:\/\/analyse.optim.biz\/index.php?rest_route=\/wp\/v2\/posts"}],"about":[{"href":"https:\/\/analyse.optim.biz\/index.php?rest_route=\/wp\/v2\/types\/post"}],"author":[{"embeddable":true,"href":"https:\/\/analyse.optim.biz\/index.php?rest_route=\/wp\/v2\/users\/1"}],"replies":[{"embeddable":true,"href":"https:\/\/analyse.optim.biz\/index.php?rest_route=%2Fwp%2Fv2%2Fcomments&post=379999"}],"version-history":[{"count":0,"href":"https:\/\/analyse.optim.biz\/index.php?rest_route=\/wp\/v2\/posts\/379999\/revisions"}],"wp:featuredmedia":[{"embeddable":true,"href":"https:\/\/analyse.optim.biz\/index.php?rest_route=\/wp\/v2\/media\/380000"}],"wp:attachment":[{"href":"https:\/\/analyse.optim.biz\/index.php?rest_route=%2Fwp%2Fv2%2Fmedia&parent=379999"}],"wp:term":[{"taxonomy":"category","embeddable":true,"href":"https:\/\/analyse.optim.biz\/index.php?rest_route=%2Fwp%2Fv2%2Fcategories&post=379999"},{"taxonomy":"post_tag","embeddable":true,"href":"https:\/\/analyse.optim.biz\/index.php?rest_route=%2Fwp%2Fv2%2Ftags&post=379999"}],"curies":[{"name":"wp","href":"https:\/\/api.w.org\/{rel}","templated":true}]}}