{"id":379377,"date":"2015-06-18T06:55:00","date_gmt":"2015-06-18T03:55:00","guid":{"rendered":"https:\/\/analyse.optim.biz\/?p=379377"},"modified":"2015-06-18T06:55:00","modified_gmt":"2015-06-18T03:55:00","slug":"vicepresedintele-cj-bihor-alexandru-kiss-trimis-in-judecata-de-dna","status":"publish","type":"post","link":"https:\/\/analyse.optim.biz\/?p=379377","title":{"rendered":"Vicepre\u0219edintele CJ Bihor Alexandru Kiss, trimis \u00een judecat\u0103 de DNA"},"content":{"rendered":"<div class=\"description\" data-key=\"description\">Vicepre\u0219edintele Consiliului Jude\u021bean Bihor, Alexandru Kiss, a fost trimis \u00een judecat\u0103, sub control judiciar, de procurorii DNA Oradea pentru mai multe fapte de corup\u021bie<\/div>\n<div class=\"articleBody\" data-key=\"articleBody\">Vicepre\u0219edintele Consiliului Jude\u021bean Bihor, Alexandru Kiss, a fost trimis \u00een judecat\u0103, sub control judiciar, de procurorii DNA Oradea pentru mai multe fapte de corup\u021bie<br \/>\nPotrivit unui comunicat al DNA, el este acuzat de luare de mit\u0103, trafic de influen\u021b\u0103, \u00een form\u0103 continuat\u0103, sp\u0103lare a banilor, \u00een form\u0103 continuat\u0103 (4 infrac\u021biuni) \u0219i abuz \u00een serviciu contra intereselor publice, dac\u0103 func\u021bionarul public a ob\u021binut pentru sine sau pentru altul un avantaj patrimonial sau nepatrimonial.\n<\/div>\n<p> Source URL: https:\/\/observatornews.ro\/politic\/vicepreedintele-cj-bihor-alexandru-kiss-trimis-in-judecata-de-dna-154833.html<\/p>\n","protected":false},"excerpt":{"rendered":"<p>Vicepre\u0219edintele Consiliului Jude\u021bean Bihor, Alexandru Kiss, a fost trimis \u00een judecat\u0103, sub control judiciar, de procurorii DNA Oradea pentru mai multe fapte de corup\u021bie Vicepre\u0219edintele Consiliului Jude\u021bean Bihor, Alexandru Kiss, a fost trimis \u00een judecat\u0103, sub control judiciar, de procurorii DNA Oradea pentru mai multe fapte de corup\u021bie Potrivit unui comunicat al DNA, el este [&hellip;]<\/p>\n","protected":false},"author":1,"featured_media":0,"comment_status":"open","ping_status":"","sticky":false,"template":"","format":"standard","meta":{"footnotes":""},"categories":[2],"tags":[30],"class_list":["post-379377","post","type-post","status-publish","format-standard","hentry","category-politics","tag-observatornews-ro"],"_links":{"self":[{"href":"https:\/\/analyse.optim.biz\/index.php?rest_route=\/wp\/v2\/posts\/379377","targetHints":{"allow":["GET"]}}],"collection":[{"href":"https:\/\/analyse.optim.biz\/index.php?rest_route=\/wp\/v2\/posts"}],"about":[{"href":"https:\/\/analyse.optim.biz\/index.php?rest_route=\/wp\/v2\/types\/post"}],"author":[{"embeddable":true,"href":"https:\/\/analyse.optim.biz\/index.php?rest_route=\/wp\/v2\/users\/1"}],"replies":[{"embeddable":true,"href":"https:\/\/analyse.optim.biz\/index.php?rest_route=%2Fwp%2Fv2%2Fcomments&post=379377"}],"version-history":[{"count":0,"href":"https:\/\/analyse.optim.biz\/index.php?rest_route=\/wp\/v2\/posts\/379377\/revisions"}],"wp:attachment":[{"href":"https:\/\/analyse.optim.biz\/index.php?rest_route=%2Fwp%2Fv2%2Fmedia&parent=379377"}],"wp:term":[{"taxonomy":"category","embeddable":true,"href":"https:\/\/analyse.optim.biz\/index.php?rest_route=%2Fwp%2Fv2%2Fcategories&post=379377"},{"taxonomy":"post_tag","embeddable":true,"href":"https:\/\/analyse.optim.biz\/index.php?rest_route=%2Fwp%2Fv2%2Ftags&post=379377"}],"curies":[{"name":"wp","href":"https:\/\/api.w.org\/{rel}","templated":true}]}}