{"id":379376,"date":"2015-06-18T08:53:00","date_gmt":"2015-06-18T05:53:00","guid":{"rendered":"https:\/\/analyse.optim.biz\/?p=379376"},"modified":"2015-06-18T08:53:00","modified_gmt":"2015-06-18T05:53:00","slug":"plr-si-pc-fuzioneaza-noua-formatiune-se-va-numi-alde","status":"publish","type":"post","link":"https:\/\/analyse.optim.biz\/?p=379376","title":{"rendered":"PLR \u0219i PC fuzioneaz\u0103; noua forma\u021biune se va numi ALDE"},"content":{"rendered":"<div class=\"description\" data-key=\"description\">Partidul Liberal Reformator (PLR) \u0219i Partidul Conservator (PC) au \u00eencheiat discu\u021biile despre fuziune, noua forma\u021biune &#8211; de centru dreapta, de factur\u0103 liberal\u0103 &#8211; urm\u00e2nd s\u0103 se numeasc\u0103 Alian\u021ba Liberalilor \u0219i Democra\u021bilor (ALDE)<\/div>\n<div class=\"articleBody\" data-key=\"articleBody\">Partidul Liberal Reformator (PLR) \u0219i Partidul Conservator (PC) au \u00eencheiat discu\u021biile despre fuziune, noua forma\u021biune &#8211; de centru dreapta, de factur\u0103 liberal\u0103 &#8211; urm\u00e2nd s\u0103 se numeasc\u0103 Alian\u021ba Liberalilor \u0219i Democra\u021bilor (ALDE)\n<\/div>\n<p> Source URL: https:\/\/observatornews.ro\/politic\/plr-i-pc-fuzioneaza-noua-formaiune-se-va-numi-alde-154840.html<\/p>\n","protected":false},"excerpt":{"rendered":"<p>Partidul Liberal Reformator (PLR) \u0219i Partidul Conservator (PC) au \u00eencheiat discu\u021biile despre fuziune, noua forma\u021biune &#8211; de centru dreapta, de factur\u0103 liberal\u0103 &#8211; urm\u00e2nd s\u0103 se numeasc\u0103 Alian\u021ba Liberalilor \u0219i Democra\u021bilor (ALDE) Partidul Liberal Reformator (PLR) \u0219i Partidul Conservator (PC) au \u00eencheiat discu\u021biile despre fuziune, noua forma\u021biune &#8211; de centru dreapta, de factur\u0103 liberal\u0103 &#8211; [&hellip;]<\/p>\n","protected":false},"author":1,"featured_media":0,"comment_status":"open","ping_status":"","sticky":false,"template":"","format":"standard","meta":{"footnotes":""},"categories":[2],"tags":[30],"class_list":["post-379376","post","type-post","status-publish","format-standard","hentry","category-politics","tag-observatornews-ro"],"_links":{"self":[{"href":"https:\/\/analyse.optim.biz\/index.php?rest_route=\/wp\/v2\/posts\/379376","targetHints":{"allow":["GET"]}}],"collection":[{"href":"https:\/\/analyse.optim.biz\/index.php?rest_route=\/wp\/v2\/posts"}],"about":[{"href":"https:\/\/analyse.optim.biz\/index.php?rest_route=\/wp\/v2\/types\/post"}],"author":[{"embeddable":true,"href":"https:\/\/analyse.optim.biz\/index.php?rest_route=\/wp\/v2\/users\/1"}],"replies":[{"embeddable":true,"href":"https:\/\/analyse.optim.biz\/index.php?rest_route=%2Fwp%2Fv2%2Fcomments&post=379376"}],"version-history":[{"count":0,"href":"https:\/\/analyse.optim.biz\/index.php?rest_route=\/wp\/v2\/posts\/379376\/revisions"}],"wp:attachment":[{"href":"https:\/\/analyse.optim.biz\/index.php?rest_route=%2Fwp%2Fv2%2Fmedia&parent=379376"}],"wp:term":[{"taxonomy":"category","embeddable":true,"href":"https:\/\/analyse.optim.biz\/index.php?rest_route=%2Fwp%2Fv2%2Fcategories&post=379376"},{"taxonomy":"post_tag","embeddable":true,"href":"https:\/\/analyse.optim.biz\/index.php?rest_route=%2Fwp%2Fv2%2Ftags&post=379376"}],"curies":[{"name":"wp","href":"https:\/\/api.w.org\/{rel}","templated":true}]}}