{"id":379375,"date":"2015-06-18T09:08:00","date_gmt":"2015-06-18T06:08:00","guid":{"rendered":"https:\/\/analyse.optim.biz\/?p=379375"},"modified":"2015-06-18T09:08:00","modified_gmt":"2015-06-18T06:08:00","slug":"perchezitii-la-primaria-sectorului-1","status":"publish","type":"post","link":"https:\/\/analyse.optim.biz\/?p=379375","title":{"rendered":"Perchezi\u021bii la Prim\u0103ria sectorului 1"},"content":{"rendered":"<div class=\"description\" data-key=\"description\">Procurorii DNA Ploie\u0219ti efectueaz\u0103 joi perchezi\u021bii la Prim\u0103ria sectorului 1 \u00eentr-un dosar \u00een care sunt viza\u021bi primarul Andrei Chiliman \u0219i alte trei persoane<\/div>\n<div class=\"articleBody\" data-key=\"articleBody\">Procurorii DNA Ploie\u0219ti efectueaz\u0103 joi perchezi\u021bii la Prim\u0103ria sectorului 1 \u00eentr-un dosar \u00een care sunt viza\u021bi primarul Andrei Chiliman \u0219i alte trei persoane<br \/>\nPotrivit acestora, \u00een dosar sunt cercetate mai multe infrac\u021biuni, \u00eentre care cea de trafic de influen\u021b\u0103.<br \/>\nAndrei Chiliman \u0219i cele trei persoane vor fi conduse la sediul DNA Ploie\u0219ti pentru audieri.<\/div>\n<p> Source URL: https:\/\/observatornews.ro\/politic\/percheziii-la-primaria-sectorului-1-154841.html<\/p>\n","protected":false},"excerpt":{"rendered":"<p>Procurorii DNA Ploie\u0219ti efectueaz\u0103 joi perchezi\u021bii la Prim\u0103ria sectorului 1 \u00eentr-un dosar \u00een care sunt viza\u021bi primarul Andrei Chiliman \u0219i alte trei persoane Procurorii DNA Ploie\u0219ti efectueaz\u0103 joi perchezi\u021bii la Prim\u0103ria sectorului 1 \u00eentr-un dosar \u00een care sunt viza\u021bi primarul Andrei Chiliman \u0219i alte trei persoane Potrivit acestora, \u00een dosar sunt cercetate mai multe infrac\u021biuni, [&hellip;]<\/p>\n","protected":false},"author":1,"featured_media":0,"comment_status":"open","ping_status":"","sticky":false,"template":"","format":"standard","meta":{"footnotes":""},"categories":[2],"tags":[30],"class_list":["post-379375","post","type-post","status-publish","format-standard","hentry","category-politics","tag-observatornews-ro"],"_links":{"self":[{"href":"https:\/\/analyse.optim.biz\/index.php?rest_route=\/wp\/v2\/posts\/379375","targetHints":{"allow":["GET"]}}],"collection":[{"href":"https:\/\/analyse.optim.biz\/index.php?rest_route=\/wp\/v2\/posts"}],"about":[{"href":"https:\/\/analyse.optim.biz\/index.php?rest_route=\/wp\/v2\/types\/post"}],"author":[{"embeddable":true,"href":"https:\/\/analyse.optim.biz\/index.php?rest_route=\/wp\/v2\/users\/1"}],"replies":[{"embeddable":true,"href":"https:\/\/analyse.optim.biz\/index.php?rest_route=%2Fwp%2Fv2%2Fcomments&post=379375"}],"version-history":[{"count":0,"href":"https:\/\/analyse.optim.biz\/index.php?rest_route=\/wp\/v2\/posts\/379375\/revisions"}],"wp:attachment":[{"href":"https:\/\/analyse.optim.biz\/index.php?rest_route=%2Fwp%2Fv2%2Fmedia&parent=379375"}],"wp:term":[{"taxonomy":"category","embeddable":true,"href":"https:\/\/analyse.optim.biz\/index.php?rest_route=%2Fwp%2Fv2%2Fcategories&post=379375"},{"taxonomy":"post_tag","embeddable":true,"href":"https:\/\/analyse.optim.biz\/index.php?rest_route=%2Fwp%2Fv2%2Ftags&post=379375"}],"curies":[{"name":"wp","href":"https:\/\/api.w.org\/{rel}","templated":true}]}}