{"id":379231,"date":"2015-06-21T13:49:00","date_gmt":"2015-06-21T10:49:00","guid":{"rendered":"https:\/\/analyse.optim.biz\/?p=379231"},"modified":"2015-06-21T13:49:00","modified_gmt":"2015-06-21T10:49:00","slug":"alina-gorghiu-victor-ponta-trebuie-sa-si-dea-demisia","status":"publish","type":"post","link":"https:\/\/analyse.optim.biz\/?p=379231","title":{"rendered":"Alina Gorghiu: Victor Ponta trebuie s\u0103-\u0219i dea demisia!"},"content":{"rendered":"<div class=\"description\" data-key=\"description\">Copre\u0219edintele PNL Alina Gorghiu a apreciat, duminic\u0103, pe pagina sa de socializare, c\u0103 alegerea premierului Victor Ponta de a-\u0219i prelungi mandatul, prin men\u021binerea interimatului asigurat de Gabriel Oprea, este o &#8220;variant\u0103 nedemn\u0103&#8221;<\/div>\n<div class=\"articleBody\" data-key=\"articleBody\">Copre\u0219edintele PNL Alina Gorghiu a apreciat, duminic\u0103, pe pagina sa de socializare, c\u0103 alegerea premierului Victor Ponta de a-\u0219i prelungi mandatul, prin men\u021binerea interimatului asigurat de Gabriel Oprea, este o &#8220;variant\u0103 nedemn\u0103&#8221;<br \/>\n&#8220;Victor Ponta bate \u00een retragere, \u00eentr-o variant\u0103 nedemn\u0103. \u00cen ciuda unei situa\u021bii medicale, cred c\u0103 prim-ministrul Victor Ponta dore\u0219te s\u0103 cumpere timp, neg\u0103sind o alt\u0103 ie\u0219ire din situa\u021bia grav\u0103 \u00een care ne-a pus&#8221;, a scris Gorghiu.<br \/>\nLiderul PNL sus\u021bine c\u0103 demersul premierului este &#8220;un fel de autosuspendare, dup\u0103 ce a \u00eencercat toate tertipurile posibile \u0219i imposibile&#8221;.<br \/>\n&#8220;Oric\u00e2nd s-ar \u00eentoarce, orice ar delega, Victor Ponta trebuie s\u0103-\u0219i dea demisia. Acum nu este altceva dec\u00e2t un prim-ministru \u00een exil, care \u00eencearc\u0103 o campanie de victimizare prin fax, nimic altceva. Ponta trebuie s\u0103-\u0219i dea demisia azi! O accept\u0103m tot prin fax&#8221;, spune Alina Gorghiu pe Facebook.<\/div>\n<p> Source URL: https:\/\/observatornews.ro\/politic\/alina-gorghiu-victor-ponta-trebuie-sai-dea-demisia-155059.html<\/p>\n","protected":false},"excerpt":{"rendered":"<p>Copre\u0219edintele PNL Alina Gorghiu a apreciat, duminic\u0103, pe pagina sa de socializare, c\u0103 alegerea premierului Victor Ponta de a-\u0219i prelungi mandatul, prin men\u021binerea interimatului asigurat de Gabriel Oprea, este o &#8220;variant\u0103 nedemn\u0103&#8221; Copre\u0219edintele PNL Alina Gorghiu a apreciat, duminic\u0103, pe pagina sa de socializare, c\u0103 alegerea premierului Victor Ponta de a-\u0219i prelungi mandatul, prin men\u021binerea [&hellip;]<\/p>\n","protected":false},"author":1,"featured_media":0,"comment_status":"open","ping_status":"","sticky":false,"template":"","format":"standard","meta":{"footnotes":""},"categories":[2],"tags":[30],"class_list":["post-379231","post","type-post","status-publish","format-standard","hentry","category-politics","tag-observatornews-ro"],"_links":{"self":[{"href":"https:\/\/analyse.optim.biz\/index.php?rest_route=\/wp\/v2\/posts\/379231","targetHints":{"allow":["GET"]}}],"collection":[{"href":"https:\/\/analyse.optim.biz\/index.php?rest_route=\/wp\/v2\/posts"}],"about":[{"href":"https:\/\/analyse.optim.biz\/index.php?rest_route=\/wp\/v2\/types\/post"}],"author":[{"embeddable":true,"href":"https:\/\/analyse.optim.biz\/index.php?rest_route=\/wp\/v2\/users\/1"}],"replies":[{"embeddable":true,"href":"https:\/\/analyse.optim.biz\/index.php?rest_route=%2Fwp%2Fv2%2Fcomments&post=379231"}],"version-history":[{"count":0,"href":"https:\/\/analyse.optim.biz\/index.php?rest_route=\/wp\/v2\/posts\/379231\/revisions"}],"wp:attachment":[{"href":"https:\/\/analyse.optim.biz\/index.php?rest_route=%2Fwp%2Fv2%2Fmedia&parent=379231"}],"wp:term":[{"taxonomy":"category","embeddable":true,"href":"https:\/\/analyse.optim.biz\/index.php?rest_route=%2Fwp%2Fv2%2Fcategories&post=379231"},{"taxonomy":"post_tag","embeddable":true,"href":"https:\/\/analyse.optim.biz\/index.php?rest_route=%2Fwp%2Fv2%2Ftags&post=379231"}],"curies":[{"name":"wp","href":"https:\/\/api.w.org\/{rel}","templated":true}]}}