{"id":379230,"date":"2015-06-22T03:46:55","date_gmt":"2015-06-22T00:46:55","guid":{"rendered":"https:\/\/analyse.optim.biz\/?p=379230"},"modified":"2015-06-22T03:46:55","modified_gmt":"2015-06-22T00:46:55","slug":"victor-ponta-a-iesit-din-spital-dar-nu-se-intoarce-inca-in-romania","status":"publish","type":"post","link":"https:\/\/analyse.optim.biz\/?p=379230","title":{"rendered":"Victor Ponta a ie\u015fit din spital. Dar nu se \u00eentoarce \u00eenc\u0103 \u00een Rom\u00e2nia"},"content":{"rendered":"<div class=\"description\" data-key=\"description\">Premierul va mai r\u0103m\u00e2ne \u00een Turcia cel pu\u0163in \u00eenc\u0103 trei s\u0103pt\u0103m\u00e2ni, timp \u00een care va \u00eencepe recuperarea. \u00cen aceast\u0103 perioad\u0103 l-ar vrea \u00een fruntea guvernului pe Gabriel Oprea. I-a cerut pre\u015fedintelui s\u0103-l numeasc\u0103 pe \u015feful de la interne premier interimar.<\/div>\n<div class=\"articleBody\" data-key=\"articleBody\">Premierul va mai r\u0103m\u00e2ne \u00een Turcia cel pu\u0163in \u00eenc\u0103 trei s\u0103pt\u0103m\u00e2ni, timp \u00een care va \u00eencepe recuperarea. \u00cen aceast\u0103 perioad\u0103 l-ar vrea \u00een fruntea guvernului pe Gabriel Oprea. I-a cerut pre\u015fedintelui s\u0103-l numeasc\u0103 pe \u015feful de la interne premier interimar.\u00a0<br \/>\n\u201eAzi medicii au decis c\u0103 pot fi externat. Urmeaz\u0103 ca \u00een urmatoarele 7 zile s\u0103 parcurg zilnic procedurile pentru control. Ulterior acestor proceduri va trebui ca dou\u0103 s\u0103pt\u0103m\u00e2ni s\u0103 fac fizioterapie \u015fi tratamente de recuperare. \u00cen maxim 28 zile \u00eemi pot relua activitatea normal\u0103, urm\u00e2nd s\u0103 continui recuperarea timp de 6 luni.\u201d<br \/>\nA\u015fa \u00ee\u015fi \u00eencepe Victor Ponta mesajul postat pe Facebook. Apoi, \u00een acela\u015fi mesaj, premierul spune \u015fi cine i-ar putea fi \u00eenlocuitor. \u00cei cere pre\u015fedintelui Klaus Iohannis s\u0103 \u00eel desemeneze pe Gabriel Oprea ca premier interimar \u00eencep\u00e2nd cu azi p\u00e2n\u0103 la reluarea activit\u0103\u0163ii sale \u00een Guvern. Conform Constitu\u0163iei, pre\u015fedintele poate desemna \u00een func\u0163ia de premier interimar orice membru al Executivului. Deocamdat\u0103 Klauss Iohannis nu a comentat decizia primului ministru. \u00cen urm\u0103 cu o s\u0103pt\u0103m\u00e2n\u0103 Iohannis se ar\u0103ta deranjat c\u0103 Victor Ponta nu i-a comunicat c\u0103 pleac\u0103 s\u0103 se opereze.<br \/>\nDac\u0103 premierul nu \u00ee\u015fi poate exercita mandatul pentru o perioad\u0103 de 45 de zile, Guvernul poate fi demis.<\/div>\n<p> Source URL: https:\/\/observatornews.ro\/politic\/victor-ponta-a-iesit-din-spital-dar-nu-se-intoarce-inca-in-romania-155080.html<\/p>\n","protected":false},"excerpt":{"rendered":"<p>Premierul va mai r\u0103m\u00e2ne \u00een Turcia cel pu\u0163in \u00eenc\u0103 trei s\u0103pt\u0103m\u00e2ni, timp \u00een care va \u00eencepe recuperarea. \u00cen aceast\u0103 perioad\u0103 l-ar vrea \u00een fruntea guvernului pe Gabriel Oprea. I-a cerut pre\u015fedintelui s\u0103-l numeasc\u0103 pe \u015feful de la interne premier interimar. Premierul va mai r\u0103m\u00e2ne \u00een Turcia cel pu\u0163in \u00eenc\u0103 trei s\u0103pt\u0103m\u00e2ni, timp \u00een care va [&hellip;]<\/p>\n","protected":false},"author":1,"featured_media":0,"comment_status":"open","ping_status":"","sticky":false,"template":"","format":"standard","meta":{"footnotes":""},"categories":[2],"tags":[30],"class_list":["post-379230","post","type-post","status-publish","format-standard","hentry","category-politics","tag-observatornews-ro"],"_links":{"self":[{"href":"https:\/\/analyse.optim.biz\/index.php?rest_route=\/wp\/v2\/posts\/379230","targetHints":{"allow":["GET"]}}],"collection":[{"href":"https:\/\/analyse.optim.biz\/index.php?rest_route=\/wp\/v2\/posts"}],"about":[{"href":"https:\/\/analyse.optim.biz\/index.php?rest_route=\/wp\/v2\/types\/post"}],"author":[{"embeddable":true,"href":"https:\/\/analyse.optim.biz\/index.php?rest_route=\/wp\/v2\/users\/1"}],"replies":[{"embeddable":true,"href":"https:\/\/analyse.optim.biz\/index.php?rest_route=%2Fwp%2Fv2%2Fcomments&post=379230"}],"version-history":[{"count":0,"href":"https:\/\/analyse.optim.biz\/index.php?rest_route=\/wp\/v2\/posts\/379230\/revisions"}],"wp:attachment":[{"href":"https:\/\/analyse.optim.biz\/index.php?rest_route=%2Fwp%2Fv2%2Fmedia&parent=379230"}],"wp:term":[{"taxonomy":"category","embeddable":true,"href":"https:\/\/analyse.optim.biz\/index.php?rest_route=%2Fwp%2Fv2%2Fcategories&post=379230"},{"taxonomy":"post_tag","embeddable":true,"href":"https:\/\/analyse.optim.biz\/index.php?rest_route=%2Fwp%2Fv2%2Ftags&post=379230"}],"curies":[{"name":"wp","href":"https:\/\/api.w.org\/{rel}","templated":true}]}}