{"id":379226,"date":"2015-06-22T08:00:00","date_gmt":"2015-06-22T05:00:00","guid":{"rendered":"https:\/\/analyse.optim.biz\/?p=379226"},"modified":"2015-06-22T08:00:00","modified_gmt":"2015-06-22T05:00:00","slug":"avocata-lui-victor-ponta-a-ajuns-la-dna-unde-a-depus-actele-medicale","status":"publish","type":"post","link":"https:\/\/analyse.optim.biz\/?p=379226","title":{"rendered":"Avocata lui Victor Ponta a ajuns la DNA, unde a depus actele medicale"},"content":{"rendered":"<div class=\"description\" data-key=\"description\">Avocata lui Victor Ponta a ajuns la Direc\u0163ia Na\u0163ional\u0103 Anticorup\u0163ie, unde va l\u0103sa mai multe documente medicale<\/div>\n<div class=\"articleBody\" data-key=\"articleBody\">Avocata lui Victor Ponta a ajuns la Direc\u0163ia Na\u0163ional\u0103 Anticorup\u0163ie, unde va l\u0103sa mai multe documente medicale<br \/>\nVictor Ponta a anun\u0163at c\u0103 va trimite \u00een cursul zile de ast\u0103zi o adres\u0103 c\u0103tre pre\u015fedintele Klaus Iohannis pentru a putea desemna pe vicepremierul Gabirel Oprea interimar la \u015fefia Executivului.<br \/>\nEste a doua oar\u0103 c\u00e2nd se prezint\u0103 cu acte medicale la DNA, s\u0103pt\u0103m\u00e2na trecut\u0103 Victor Ponta a fost citat pentru ziua de luni sau mar\u0163i, a\u015fa c\u0103 avocata s-a prezentat cu acte medicale prin care s\u0103 demostreze c\u0103 premierul a suferit o interven\u0163ie medical\u0103 \u00een Turcia.<br \/>\nAvocata nu a discutat despre perioda de recuperare, nu a f\u0103cut declara\u0163ii \u00een fa\u0163a jurnali\u015ftilor, ci a discutat doar cu procurorul. Ulterior, informa\u0163ia a fost confirmat\u0103, conform Antena3.<br \/>\nPonta s-a internat \u00eentr-o clinic\u0103 din Turcia pentru o opera\u0163ie la picior. Victor Ponta s-a accidentat recent la genunchi \u00een timpul unui meci de baschet, iar medicii de la Spitalul Militar i-au recomandat o interven\u0163ie chirurgical\u0103. De altfel, este \u015fi motivul pentru care nu a venit la audieri, unde fusese convocat de procurorii DNA. <\/div>\n<p> Source URL: https:\/\/observatornews.ro\/politic\/avocata-lui-victor-ponta-a-ajuns-la-dna-unde-a-depus-actele-medicale-155099.html<\/p>\n","protected":false},"excerpt":{"rendered":"<p>Avocata lui Victor Ponta a ajuns la Direc\u0163ia Na\u0163ional\u0103 Anticorup\u0163ie, unde va l\u0103sa mai multe documente medicale Avocata lui Victor Ponta a ajuns la Direc\u0163ia Na\u0163ional\u0103 Anticorup\u0163ie, unde va l\u0103sa mai multe documente medicale Victor Ponta a anun\u0163at c\u0103 va trimite \u00een cursul zile de ast\u0103zi o adres\u0103 c\u0103tre pre\u015fedintele Klaus Iohannis pentru a putea [&hellip;]<\/p>\n","protected":false},"author":1,"featured_media":379227,"comment_status":"open","ping_status":"","sticky":false,"template":"","format":"standard","meta":{"footnotes":""},"categories":[2],"tags":[30],"class_list":["post-379226","post","type-post","status-publish","format-standard","has-post-thumbnail","hentry","category-politics","tag-observatornews-ro"],"_links":{"self":[{"href":"https:\/\/analyse.optim.biz\/index.php?rest_route=\/wp\/v2\/posts\/379226","targetHints":{"allow":["GET"]}}],"collection":[{"href":"https:\/\/analyse.optim.biz\/index.php?rest_route=\/wp\/v2\/posts"}],"about":[{"href":"https:\/\/analyse.optim.biz\/index.php?rest_route=\/wp\/v2\/types\/post"}],"author":[{"embeddable":true,"href":"https:\/\/analyse.optim.biz\/index.php?rest_route=\/wp\/v2\/users\/1"}],"replies":[{"embeddable":true,"href":"https:\/\/analyse.optim.biz\/index.php?rest_route=%2Fwp%2Fv2%2Fcomments&post=379226"}],"version-history":[{"count":0,"href":"https:\/\/analyse.optim.biz\/index.php?rest_route=\/wp\/v2\/posts\/379226\/revisions"}],"wp:featuredmedia":[{"embeddable":true,"href":"https:\/\/analyse.optim.biz\/index.php?rest_route=\/wp\/v2\/media\/379227"}],"wp:attachment":[{"href":"https:\/\/analyse.optim.biz\/index.php?rest_route=%2Fwp%2Fv2%2Fmedia&parent=379226"}],"wp:term":[{"taxonomy":"category","embeddable":true,"href":"https:\/\/analyse.optim.biz\/index.php?rest_route=%2Fwp%2Fv2%2Fcategories&post=379226"},{"taxonomy":"post_tag","embeddable":true,"href":"https:\/\/analyse.optim.biz\/index.php?rest_route=%2Fwp%2Fv2%2Ftags&post=379226"}],"curies":[{"name":"wp","href":"https:\/\/api.w.org\/{rel}","templated":true}]}}