{"id":378996,"date":"2015-06-24T06:06:00","date_gmt":"2015-06-24T03:06:00","guid":{"rendered":"https:\/\/analyse.optim.biz\/?p=378996"},"modified":"2015-06-24T06:06:00","modified_gmt":"2015-06-24T03:06:00","slug":"gabriel-oprea-romania-ar-putea-intra-anul-acesta-in-spatiul-schengen-cu-frontierele-aeriene","status":"publish","type":"post","link":"https:\/\/analyse.optim.biz\/?p=378996","title":{"rendered":"Gabriel Oprea: Rom\u00e2nia ar putea intra anul acesta \u00een spa\u0163iul Schengen cu frontierele aeriene"},"content":{"rendered":"<div class=\"description\" data-key=\"description\">Rom\u00e2nia poate intra \u00een acest an \u00een spa\u0163iul Schengen cu frontierele aeriene, a declarat premierul interimar, Gabriel Oprea, preciz\u00e2nd c\u0103 \u00ee\u015fi bazeaz\u0103 opinia pe discu\u0163ii cu lideri europeni<\/div>\n<div class=\"articleBody\" data-key=\"articleBody\">\nRom\u00e2nia poate intra \u00een acest an \u00een spa\u0163iul Schengen cu frontierele aeriene, a declarat premierul interimar, Gabriel Oprea, preciz\u00e2nd c\u0103 \u00ee\u015fi bazeaz\u0103 opinia pe discu\u0163ii cu lideri europeni<br \/>\n&#8220;Este opinia mea, cred \u00een acest lucru \u015fi din discu\u0163ii cu al\u0163i lideri europeni&#8221;, a spus Oprea, \u00eentr-o emisiune televizat\u0103, legat de posibilitatea c\u0103 Rom\u00e2nia s\u0103 intre \u00een Schengen la nivelul aeroporturilor, conform Antena3.<br \/>\nAutorit\u0103\u0163ile rom\u00e2ne negociaz\u0103 de mai mult timp cu Uniunea European\u0103 integrarea \u00een spa\u0163iul Schengen, eventual \u00een etape, \u00een care prima faz\u0103 a procesului de integrare s\u0103 fie cu frontierele aeriene, ceea ce ar presupune proceduri mult simplificate de c\u0103l\u0103torie.<\/div>\n<p> Source URL: https:\/\/observatornews.ro\/politic\/gabriel-oprea-romania-ar-putea-intra-anul-acesta-in-spatiul-schengen-cu-frontierele-aeriene-155275.html<\/p>\n","protected":false},"excerpt":{"rendered":"<p>Rom\u00e2nia poate intra \u00een acest an \u00een spa\u0163iul Schengen cu frontierele aeriene, a declarat premierul interimar, Gabriel Oprea, preciz\u00e2nd c\u0103 \u00ee\u015fi bazeaz\u0103 opinia pe discu\u0163ii cu lideri europeni Rom\u00e2nia poate intra \u00een acest an \u00een spa\u0163iul Schengen cu frontierele aeriene, a declarat premierul interimar, Gabriel Oprea, preciz\u00e2nd c\u0103 \u00ee\u015fi bazeaz\u0103 opinia pe discu\u0163ii cu lideri [&hellip;]<\/p>\n","protected":false},"author":1,"featured_media":378997,"comment_status":"open","ping_status":"","sticky":false,"template":"","format":"standard","meta":{"footnotes":""},"categories":[2],"tags":[30],"class_list":["post-378996","post","type-post","status-publish","format-standard","has-post-thumbnail","hentry","category-politics","tag-observatornews-ro"],"_links":{"self":[{"href":"https:\/\/analyse.optim.biz\/index.php?rest_route=\/wp\/v2\/posts\/378996","targetHints":{"allow":["GET"]}}],"collection":[{"href":"https:\/\/analyse.optim.biz\/index.php?rest_route=\/wp\/v2\/posts"}],"about":[{"href":"https:\/\/analyse.optim.biz\/index.php?rest_route=\/wp\/v2\/types\/post"}],"author":[{"embeddable":true,"href":"https:\/\/analyse.optim.biz\/index.php?rest_route=\/wp\/v2\/users\/1"}],"replies":[{"embeddable":true,"href":"https:\/\/analyse.optim.biz\/index.php?rest_route=%2Fwp%2Fv2%2Fcomments&post=378996"}],"version-history":[{"count":0,"href":"https:\/\/analyse.optim.biz\/index.php?rest_route=\/wp\/v2\/posts\/378996\/revisions"}],"wp:featuredmedia":[{"embeddable":true,"href":"https:\/\/analyse.optim.biz\/index.php?rest_route=\/wp\/v2\/media\/378997"}],"wp:attachment":[{"href":"https:\/\/analyse.optim.biz\/index.php?rest_route=%2Fwp%2Fv2%2Fmedia&parent=378996"}],"wp:term":[{"taxonomy":"category","embeddable":true,"href":"https:\/\/analyse.optim.biz\/index.php?rest_route=%2Fwp%2Fv2%2Fcategories&post=378996"},{"taxonomy":"post_tag","embeddable":true,"href":"https:\/\/analyse.optim.biz\/index.php?rest_route=%2Fwp%2Fv2%2Ftags&post=378996"}],"curies":[{"name":"wp","href":"https:\/\/api.w.org\/{rel}","templated":true}]}}