{"id":378923,"date":"2015-06-24T07:56:00","date_gmt":"2015-06-24T04:56:00","guid":{"rendered":"https:\/\/analyse.optim.biz\/?p=378923"},"modified":"2015-06-24T07:56:00","modified_gmt":"2015-06-24T04:56:00","slug":"soacra-milionarului-vlad-moisescu-la-dna","status":"publish","type":"post","link":"https:\/\/analyse.optim.biz\/?p=378923","title":{"rendered":"Soacra milionarului Vlad Moisescu, la DNA"},"content":{"rendered":"<div class=\"description\" data-key=\"description\">Soacra milionarului Vlad Moisescu, a ajuns miercuri diminea\u0163\u0103 la DNA, pentru dosarul \u00een care ginerele s\u0103u este acuzat de fapte de corup\u0163ie, al\u0103turi de primarul Sectorului 1, Andrei Chiliman<\/div>\n<div class=\"articleBody\" data-key=\"articleBody\">Soacra milionarului Vlad Moisescu, a ajuns miercuri diminea\u0163\u0103 la DNA, pentru dosarul \u00een care ginerele s\u0103u este acuzat de fapte de corup\u0163ie, al\u0103turi de primarul Sectorului 1, Andrei Chiliman.\u00a0<br \/>\nFlavia Ciocodei a fost citat\u0103 ca martor \u00een dosarul \u00een care Vlad Moisescu este cercetat pentru trafic de influen\u0163\u0103 \u015fi constituire de grup infrac\u0163ional.<\/div>\n<p> Source URL: https:\/\/observatornews.ro\/politic\/soacra-milionarului-vlad-moisescu-la-dna-155280.html<\/p>\n","protected":false},"excerpt":{"rendered":"<p>Soacra milionarului Vlad Moisescu, a ajuns miercuri diminea\u0163\u0103 la DNA, pentru dosarul \u00een care ginerele s\u0103u este acuzat de fapte de corup\u0163ie, al\u0103turi de primarul Sectorului 1, Andrei Chiliman Soacra milionarului Vlad Moisescu, a ajuns miercuri diminea\u0163\u0103 la DNA, pentru dosarul \u00een care ginerele s\u0103u este acuzat de fapte de corup\u0163ie, al\u0103turi de primarul Sectorului [&hellip;]<\/p>\n","protected":false},"author":1,"featured_media":378924,"comment_status":"open","ping_status":"","sticky":false,"template":"","format":"standard","meta":{"footnotes":""},"categories":[2],"tags":[30],"class_list":["post-378923","post","type-post","status-publish","format-standard","has-post-thumbnail","hentry","category-politics","tag-observatornews-ro"],"_links":{"self":[{"href":"https:\/\/analyse.optim.biz\/index.php?rest_route=\/wp\/v2\/posts\/378923","targetHints":{"allow":["GET"]}}],"collection":[{"href":"https:\/\/analyse.optim.biz\/index.php?rest_route=\/wp\/v2\/posts"}],"about":[{"href":"https:\/\/analyse.optim.biz\/index.php?rest_route=\/wp\/v2\/types\/post"}],"author":[{"embeddable":true,"href":"https:\/\/analyse.optim.biz\/index.php?rest_route=\/wp\/v2\/users\/1"}],"replies":[{"embeddable":true,"href":"https:\/\/analyse.optim.biz\/index.php?rest_route=%2Fwp%2Fv2%2Fcomments&post=378923"}],"version-history":[{"count":0,"href":"https:\/\/analyse.optim.biz\/index.php?rest_route=\/wp\/v2\/posts\/378923\/revisions"}],"wp:featuredmedia":[{"embeddable":true,"href":"https:\/\/analyse.optim.biz\/index.php?rest_route=\/wp\/v2\/media\/378924"}],"wp:attachment":[{"href":"https:\/\/analyse.optim.biz\/index.php?rest_route=%2Fwp%2Fv2%2Fmedia&parent=378923"}],"wp:term":[{"taxonomy":"category","embeddable":true,"href":"https:\/\/analyse.optim.biz\/index.php?rest_route=%2Fwp%2Fv2%2Fcategories&post=378923"},{"taxonomy":"post_tag","embeddable":true,"href":"https:\/\/analyse.optim.biz\/index.php?rest_route=%2Fwp%2Fv2%2Ftags&post=378923"}],"curies":[{"name":"wp","href":"https:\/\/api.w.org\/{rel}","templated":true}]}}