{"id":378921,"date":"2015-06-24T08:55:00","date_gmt":"2015-06-24T05:55:00","guid":{"rendered":"https:\/\/analyse.optim.biz\/?p=378921"},"modified":"2015-06-24T08:55:00","modified_gmt":"2015-06-24T05:55:00","slug":"sebastian-ghita-a-primit-interdictia-de-a-si-exercita-functia-de-deputat","status":"publish","type":"post","link":"https:\/\/analyse.optim.biz\/?p=378921","title":{"rendered":"Sebastian Ghi\u0163\u0103 a primit interdic\u0163ia de a-\u015fi exercita func\u0163ia de deputat"},"content":{"rendered":"<div class=\"description\" data-key=\"description\">Procurorii DNA Ploie\u015fti i-au impus deputatului Sebastian Ghi\u0163\u0103, aflat sub control judiciar \u00een dosarul lui Iulian Her\u0163anu, interdic\u0163ia de a-\u015fi exercita func\u0163ia de parlamentar<\/div>\n<div class=\"articleBody\" data-key=\"articleBody\">Procurorii DNA Ploie\u015fti i-au impus deputatului Sebastian Ghi\u0163\u0103, aflat sub control judiciar \u00een dosarul lui Iulian Her\u0163anu, interdic\u0163ia de a-\u015fi exercita func\u0163ia de parlamentar<br \/>\nUPDATE 11:50 Sebastian Ghi\u0163\u0103 a declarat, la ie\u015firea de la DNA Ploie\u015fti, c\u0103 a primit o nou\u0103 m\u0103sur\u0103 de interdic\u0163ie \u015fi c\u0103 dosarul s\u0103u este unul politic. Scopul, a ad\u0103ugat acesta, este d\u0103r\u00e2marea Guvernului.<br \/>\n&#8220;S\u0103 le lu\u0103m pe r\u00e2nd. A\u015fa cum m\u0103 a\u015fteptam, ni\u015fte lucruri destul de grave s-au \u00eent\u00e2mplat. Sunt destul de multe, nu \u015ftiu dac\u0103 o s\u0103 pot s\u0103 vi le relatez pe toate. \u00cen primul r\u00e2nd, ce trebuie s\u0103 v\u0103 spun este c\u0103, asupra mea s-a luat o nou\u0103 m\u0103sur\u0103, f\u0103r\u0103 s\u0103 \u015ftiu ce am f\u0103cut. De data asta, nu am voie s\u0103 p\u0103r\u0103sesc Ploie\u015ftiul. P\u00e2n\u0103 acum nu aveam voie s\u0103 plec din \u0163ar\u0103. Acum nu am voie s\u0103 plec din Ploie\u015fti. A\u015fa a considerat domnul procuror. \u015ei mi s-a spus s\u0103 \u00eemi adresez nemul\u0163umirile la \u00ceCCJ. Asta voi \u015fi face.&#8221;<\/p>\n<p>De asemenea, deputatul a explicat c\u0103 astfel de abuzuri pot avea loc pentru oricine, oric\u00e2nd \u015fi c\u0103 are de g\u00e2nd s\u0103 lupte pentru a \u00ee\u015fi demonstra nevinov\u0103\u0163ia.<br \/>\n&#8220;Ast\u0103zi mi-am dat seama despre ce este vorba \u00een acest dosar. I se poate \u00eent\u00e2mpla oricui. Pentru c\u0103 sunt deputat \u00een Parlament, simt c\u0103 trebuie s\u0103 lupt \u015fi trebuie s\u0103 v\u0103 spun c\u0103 abuzurile acestea nu pot fi tolerate. Ast\u0103zi mi-am dat seama c\u0103 tot acest dosar este o etap\u0103, un pas \u00een ce mi s-a \u00eent\u00e2mplat \u00een ultimele dou\u0103 s\u0103pt\u0103m\u00e2ni, presiuni, discu\u0163ii, \u00eent\u00e2lniri, lu\u0103ri la rost, amenin\u0163\u0103ri, care vizau demisia premierului Ponta. Nu \u00eel pot influen\u0163a pe Ponta s\u0103 \u00ee\u015fi dea demisia c\u00e2nd vor procurorii. Nu o s\u0103 intru \u00een detalii acum.&#8221;<\/p>\n<p>Ghi\u0163\u0103 a ad\u0103ugat c\u0103 o parte din dosar se refer\u0103 la alegerile preziden\u0163iale. <\/p>\n<p>&#8220;O parte din dosar vizeaz\u0103 alegerile preziden\u0163iale. Nu \u00eemi cer scuze \u015fi nu \u00eemi pare r\u0103u c\u0103 PSD, Ponta, eu am \u00eencercat s\u0103 ob\u0163inem \u00eencrederea electoratului pentru func\u0163ia de pre\u015fedinte a Rom\u00e2niei. Am pierdut aceste alegeri \u015fi trebuie s\u0103 oprim aceast\u0103 regul\u0103 c\u0103, imediat dup\u0103 alegeri, pierz\u0103torii sunt amenin\u0163a\u0163i, abuza\u0163i, li se fac perchezi\u0163ii, li se confisc\u0103.&#8221;<br \/>\n&#8220;Am interdic\u0163ie s\u0103 vorbesc cu domnul Victor Ponta. Nu o \u00een\u0163eleg. Am citit cu aten\u0163ie acuzele, nu scrie deloc justificarea pentru care eu nu am voie s\u0103 vorbesc. Nu este un dosar politic pentru mine, este pentru d\u0103r\u00e2marea Guvernului \u015fi pentru convingerea lui Ponta c\u0103 dac\u0103 nu \u00ee\u015fi d\u0103 demisia, mama, fratele, cumnatul, sora, prietenii vor pl\u0103ti. Ast\u0103zi a venit r\u00e2ndul meu \u015fi al prietenilor mei s\u0103 pl\u0103tim. Absolut toat\u0103 lumea din familia mea are sechestru pe conturi.&#8221;<\/p>\n<p>Sebastian Ghi\u021b\u0103 a primit interdic\u0163ia de a-\u015fi exercita atribu\u0163iile de deputat. Acesta a venit la DNA Ploie\u015fti la ora 9.30 \u015fi a declarat c\u0103 a primit o cita\u0163ie s\u0103pt\u0103m\u00e2na trecut\u0103, c\u0103 nu \u015ftie de ce a fost chemat \u015fi dac\u0103 a fost extins\u0103 urm\u0103rirea penal\u0103 \u015fi c\u0103 sper\u0103 \u201ds\u0103 nu se \u00eent\u00e2mple lucruri rele\u201d, ad\u0103ug\u00e2nd: \u201dNu m-am g\u00e2ndit c\u0103 vin s\u0103 o caut pe soacra lui Moisescu\u201d.<br \/>\nSurse judiciare declarau pentru MEDIAFAX c\u0103 procurorii DNA extind urm\u0103rirea penal\u0103 \u00eempotriva deputatului Sebastian Ghi\u0163\u0103, pentru noi fapte de corup\u0163ie comise de c\u00e2nd acesta este parlamentar, dar \u015fi \u00eenaintea mandatului \u015fi vor extinde \u015fi sechestrul asigur\u0103tor asupra bunurilor acestuia.<br \/>\nSebastian Ghi\u0163\u0103 este acuzat de noi fapte de corup\u0163ie s\u0103v\u0103r\u015fite \u00eenainte de 2012, dat\u0103 la care a fost ales deputat \u00eentr-un colegiu din jude\u0163ul Prahova, dar \u015fi \u00een perioada mandatului de parlamentar.\n<\/p><\/div>\n<p> Source URL: https:\/\/observatornews.ro\/politic\/sebastian-ghita-a-primit-interdictia-de-asi-exercita-functia-de-deputat-155282.html<\/p>\n","protected":false},"excerpt":{"rendered":"<p>Procurorii DNA Ploie\u015fti i-au impus deputatului Sebastian Ghi\u0163\u0103, aflat sub control judiciar \u00een dosarul lui Iulian Her\u0163anu, interdic\u0163ia de a-\u015fi exercita func\u0163ia de parlamentar Procurorii DNA Ploie\u015fti i-au impus deputatului Sebastian Ghi\u0163\u0103, aflat sub control judiciar \u00een dosarul lui Iulian Her\u0163anu, interdic\u0163ia de a-\u015fi exercita func\u0163ia de parlamentar UPDATE 11:50 Sebastian Ghi\u0163\u0103 a declarat, la [&hellip;]<\/p>\n","protected":false},"author":1,"featured_media":0,"comment_status":"open","ping_status":"","sticky":false,"template":"","format":"standard","meta":{"footnotes":""},"categories":[2],"tags":[30],"class_list":["post-378921","post","type-post","status-publish","format-standard","hentry","category-politics","tag-observatornews-ro"],"_links":{"self":[{"href":"https:\/\/analyse.optim.biz\/index.php?rest_route=\/wp\/v2\/posts\/378921","targetHints":{"allow":["GET"]}}],"collection":[{"href":"https:\/\/analyse.optim.biz\/index.php?rest_route=\/wp\/v2\/posts"}],"about":[{"href":"https:\/\/analyse.optim.biz\/index.php?rest_route=\/wp\/v2\/types\/post"}],"author":[{"embeddable":true,"href":"https:\/\/analyse.optim.biz\/index.php?rest_route=\/wp\/v2\/users\/1"}],"replies":[{"embeddable":true,"href":"https:\/\/analyse.optim.biz\/index.php?rest_route=%2Fwp%2Fv2%2Fcomments&post=378921"}],"version-history":[{"count":0,"href":"https:\/\/analyse.optim.biz\/index.php?rest_route=\/wp\/v2\/posts\/378921\/revisions"}],"wp:attachment":[{"href":"https:\/\/analyse.optim.biz\/index.php?rest_route=%2Fwp%2Fv2%2Fmedia&parent=378921"}],"wp:term":[{"taxonomy":"category","embeddable":true,"href":"https:\/\/analyse.optim.biz\/index.php?rest_route=%2Fwp%2Fv2%2Fcategories&post=378921"},{"taxonomy":"post_tag","embeddable":true,"href":"https:\/\/analyse.optim.biz\/index.php?rest_route=%2Fwp%2Fv2%2Ftags&post=378921"}],"curies":[{"name":"wp","href":"https:\/\/api.w.org\/{rel}","templated":true}]}}