{"id":378730,"date":"2015-06-29T08:24:00","date_gmt":"2015-06-29T05:24:00","guid":{"rendered":"https:\/\/analyse.optim.biz\/?p=378730"},"modified":"2015-06-29T08:24:00","modified_gmt":"2015-06-29T05:24:00","slug":"orban-nu-am-motive-sa-cred-ca-parlamentari-liberali-vor-absenta-nemotivat-la-votul-in-cazul-lui-ungureanu","status":"publish","type":"post","link":"https:\/\/analyse.optim.biz\/?p=378730","title":{"rendered":"Orban: Nu am motive s\u0103 cred c\u0103 parlamentari liberali vor absenta nemotivat la votul \u00een cazul lui Ungureanu"},"content":{"rendered":"<div class=\"description\" data-key=\"description\">Prim-vicepre\u0219edintele PNL Ludovic Orban a declarat luni c\u0103, \u00een cazul \u00een care parlamentari liberali vor absenta nemotivat la votul \u00een privin\u021ba nominaliz\u0103rii pentru func\u021bia de director al SIE a lui Mihai-R\u0103zvan Ungureanu, se vor aplica sanc\u021biuni \u00eempotriva acestora<\/div>\n<div class=\"articleBody\" data-key=\"articleBody\">Prim-vicepre\u0219edintele PNL Ludovic Orban a declarat luni c\u0103, \u00een cazul \u00een care parlamentari liberali vor absenta nemotivat la votul \u00een privin\u021ba nominaliz\u0103rii pentru func\u021bia de director al SIE a lui Mihai-R\u0103zvan Ungureanu, se vor aplica sanc\u021biuni \u00eempotriva acestora<br \/>\nEl a precizat c\u0103 cinci parlamentari vor absenta motivat la acest vot, trei fiind cazuri medicale, iar doi sunt pleca\u021bi \u00een str\u0103in\u0103tate.<br \/>\n&#8220;Dup\u0103 p\u0103rerea mea, absen\u021bi nu vor fi dec\u00e2t care au motive obiective, fie sunt bolnavi, fie sunt netrasportabili, fie unul, doi sunt pleca\u021bi \u00een str\u0103in\u0103tate. (&#8230;) Dac\u0103 vor absenta nemotivat (n.r. ar putea fi sanc\u021biona\u021bi). Nu am niciun fel de motive s\u0103 cred c\u0103 vor fi absen\u021bi nemotivat&#8221;, a spus Orban, luni diminea\u021ba, \u00eenainte de \u0219edin\u021ba comisiei de unificare a PNL.<br \/>\nEl a subliniat c\u0103 PNL poart\u0103 discu\u021bii cu celelalte grupuri cu privire la votul \u00een cazul lui Ungureanu.\n<\/div>\n<p> Source URL: https:\/\/observatornews.ro\/politic\/orban-nu-am-motive-sa-cred-ca-parlamentari-liberali-vor-absenta-nemotivat-la-votul-in-cazul-lui-ungureanu-155736.html<\/p>\n","protected":false},"excerpt":{"rendered":"<p>Prim-vicepre\u0219edintele PNL Ludovic Orban a declarat luni c\u0103, \u00een cazul \u00een care parlamentari liberali vor absenta nemotivat la votul \u00een privin\u021ba nominaliz\u0103rii pentru func\u021bia de director al SIE a lui Mihai-R\u0103zvan Ungureanu, se vor aplica sanc\u021biuni \u00eempotriva acestora Prim-vicepre\u0219edintele PNL Ludovic Orban a declarat luni c\u0103, \u00een cazul \u00een care parlamentari liberali vor absenta nemotivat [&hellip;]<\/p>\n","protected":false},"author":1,"featured_media":378731,"comment_status":"open","ping_status":"","sticky":false,"template":"","format":"standard","meta":{"footnotes":""},"categories":[2],"tags":[30],"class_list":["post-378730","post","type-post","status-publish","format-standard","has-post-thumbnail","hentry","category-politics","tag-observatornews-ro"],"_links":{"self":[{"href":"https:\/\/analyse.optim.biz\/index.php?rest_route=\/wp\/v2\/posts\/378730","targetHints":{"allow":["GET"]}}],"collection":[{"href":"https:\/\/analyse.optim.biz\/index.php?rest_route=\/wp\/v2\/posts"}],"about":[{"href":"https:\/\/analyse.optim.biz\/index.php?rest_route=\/wp\/v2\/types\/post"}],"author":[{"embeddable":true,"href":"https:\/\/analyse.optim.biz\/index.php?rest_route=\/wp\/v2\/users\/1"}],"replies":[{"embeddable":true,"href":"https:\/\/analyse.optim.biz\/index.php?rest_route=%2Fwp%2Fv2%2Fcomments&post=378730"}],"version-history":[{"count":0,"href":"https:\/\/analyse.optim.biz\/index.php?rest_route=\/wp\/v2\/posts\/378730\/revisions"}],"wp:featuredmedia":[{"embeddable":true,"href":"https:\/\/analyse.optim.biz\/index.php?rest_route=\/wp\/v2\/media\/378731"}],"wp:attachment":[{"href":"https:\/\/analyse.optim.biz\/index.php?rest_route=%2Fwp%2Fv2%2Fmedia&parent=378730"}],"wp:term":[{"taxonomy":"category","embeddable":true,"href":"https:\/\/analyse.optim.biz\/index.php?rest_route=%2Fwp%2Fv2%2Fcategories&post=378730"},{"taxonomy":"post_tag","embeddable":true,"href":"https:\/\/analyse.optim.biz\/index.php?rest_route=%2Fwp%2Fv2%2Ftags&post=378730"}],"curies":[{"name":"wp","href":"https:\/\/api.w.org\/{rel}","templated":true}]}}