{"id":378361,"date":"2015-07-03T15:38:00","date_gmt":"2015-07-03T12:38:00","guid":{"rendered":"https:\/\/analyse.optim.biz\/?p=378361"},"modified":"2015-07-03T15:38:00","modified_gmt":"2015-07-03T12:38:00","slug":"afaceristul-horia-simu-arestat-pentru-30-de-zile","status":"publish","type":"post","link":"https:\/\/analyse.optim.biz\/?p=378361","title":{"rendered":"Afaceristul Horia Simu, arestat pentru 30 de zile"},"content":{"rendered":"<div class=\"description\" data-key=\"description\">Omul de afaceri Horia Simu a fost arestat preventiv, vineri, \u00een dosarul \u00een care este acuzat de ob\u0163inerea unei desp\u0103gubiri pentru un teren supraevaluat cu peste 55 milioane de euro. Decizia CAB poate fi contestat\u0103 la instan\u0163a suprem\u0103<\/div>\n<div class=\"articleBody\" data-key=\"articleBody\">Omul de afaceri Horia Simu a fost arestat preventiv, vineri, \u00een dosarul \u00een care este acuzat de ob\u0163inerea unei desp\u0103gubiri pentru un teren supraevaluat cu peste 55 milioane de euro. Decizia CAB poate fi contestat\u0103 la instan\u0163a suprem\u0103<br \/>\nHoria Simu este cercetat pentru c\u0103 ar fi intermediat \u00eentre anii 2006 \u015fi 2008 ob\u0163inerea unor desp\u0103gubiri, pentru un imobil \u015fi un teren de aproape 10 hectare. Pentru urgentarea dosarului ar fi prezentat chiar \u015fi o adeverin\u0163\u0103 medical\u0103 fals\u0103.<br \/>\nProcurorii anticorup\u0163ie au g\u0103sit \u00een vila omului de afaceri o adev\u0103rat\u0103 galerie de art\u0103. Peste 150 de tablouri semnate de Corneliu Baba, Gheorghe Petra\u015fcu \u015fi Samuel Mutzner, dar \u015fi ceasuri de lux \u015fi bijuterii, potrivit Antena3.<br \/>\nProcurorii au ridicat tablourile pentru expertiz\u0103. Acestea ar putea fi valorificate pentru recuperarea prejudiciului care i se imput\u0103 lui Horia Simu, respectiv 55 de milioane de euro.<br \/>\nSimu este cunoscut pentru afacerile sale din domeniul metalelor neferoase, dar \u015fi din domeniul imobiliarelor. La 36 de ani avea deja o avere estimat\u0103 la 8 milioane de euro. El se afl\u0103 pe locul al doilea \u00een topul retroced\u0103rilor ANPR, dup\u0103 ce a cump\u0103rat multe drepturi litigioase.<\/div>\n<p> Source URL: https:\/\/observatornews.ro\/politic\/afaceristul-horia-simu-arestat-pentru-30-de-zile-156144.html<\/p>\n","protected":false},"excerpt":{"rendered":"<p>Omul de afaceri Horia Simu a fost arestat preventiv, vineri, \u00een dosarul \u00een care este acuzat de ob\u0163inerea unei desp\u0103gubiri pentru un teren supraevaluat cu peste 55 milioane de euro. Decizia CAB poate fi contestat\u0103 la instan\u0163a suprem\u0103 Omul de afaceri Horia Simu a fost arestat preventiv, vineri, \u00een dosarul \u00een care este acuzat de [&hellip;]<\/p>\n","protected":false},"author":1,"featured_media":378362,"comment_status":"open","ping_status":"","sticky":false,"template":"","format":"standard","meta":{"footnotes":""},"categories":[2],"tags":[30],"class_list":["post-378361","post","type-post","status-publish","format-standard","has-post-thumbnail","hentry","category-politics","tag-observatornews-ro"],"_links":{"self":[{"href":"https:\/\/analyse.optim.biz\/index.php?rest_route=\/wp\/v2\/posts\/378361","targetHints":{"allow":["GET"]}}],"collection":[{"href":"https:\/\/analyse.optim.biz\/index.php?rest_route=\/wp\/v2\/posts"}],"about":[{"href":"https:\/\/analyse.optim.biz\/index.php?rest_route=\/wp\/v2\/types\/post"}],"author":[{"embeddable":true,"href":"https:\/\/analyse.optim.biz\/index.php?rest_route=\/wp\/v2\/users\/1"}],"replies":[{"embeddable":true,"href":"https:\/\/analyse.optim.biz\/index.php?rest_route=%2Fwp%2Fv2%2Fcomments&post=378361"}],"version-history":[{"count":0,"href":"https:\/\/analyse.optim.biz\/index.php?rest_route=\/wp\/v2\/posts\/378361\/revisions"}],"wp:featuredmedia":[{"embeddable":true,"href":"https:\/\/analyse.optim.biz\/index.php?rest_route=\/wp\/v2\/media\/378362"}],"wp:attachment":[{"href":"https:\/\/analyse.optim.biz\/index.php?rest_route=%2Fwp%2Fv2%2Fmedia&parent=378361"}],"wp:term":[{"taxonomy":"category","embeddable":true,"href":"https:\/\/analyse.optim.biz\/index.php?rest_route=%2Fwp%2Fv2%2Fcategories&post=378361"},{"taxonomy":"post_tag","embeddable":true,"href":"https:\/\/analyse.optim.biz\/index.php?rest_route=%2Fwp%2Fv2%2Ftags&post=378361"}],"curies":[{"name":"wp","href":"https:\/\/api.w.org\/{rel}","templated":true}]}}