{"id":378071,"date":"2015-07-14T14:39:00","date_gmt":"2015-07-14T11:39:00","guid":{"rendered":"https:\/\/analyse.optim.biz\/?p=378071"},"modified":"2015-07-14T14:39:00","modified_gmt":"2015-07-14T11:39:00","slug":"procurorii-cer-25-de-ani-de-inchisoare-pentru-tortionarul-visinescu","status":"publish","type":"post","link":"https:\/\/analyse.optim.biz\/?p=378071","title":{"rendered":"Procurorii cer 25 de ani de \u00eenchisoare pentru tor\u021bionarul Vi\u0219inescu"},"content":{"rendered":"<div class=\"description\" data-key=\"description\">Un procuror de la Parchetul General a cerut mar\u021bi judec\u0103torilor de la Curtea de Apel Bucure\u0219ti condamnarea lui Alexandru Vi\u0219inescu, la 25 de ani \u00eenchisoare \u0219i degradarea militar\u0103, pentru s\u0103v\u00e2r\u0219irea infrac\u021biunii de tratamente neomenoase<\/div>\n<div class=\"articleBody\" data-key=\"articleBody\">Un procuror de la Parchetul General a cerut mar\u021bi judec\u0103torilor de la Curtea de Apel Bucure\u0219ti condamnarea lui Alexandru Vi\u0219inescu, la 25 de ani \u00eenchisoare \u0219i degradarea militar\u0103, pentru s\u0103v\u00e2r\u0219irea infrac\u021biunii de tratamente neomenoase<br \/>\nJudec\u0103torii de la Curtea de Apel Bucure\u0219ti au finalizat mar\u021bi dosarul tor\u021bionarului Alexandru Vi\u0219inescu.<br \/>\nLa acest ultim termen, procurorul de \u0219edin\u021b\u0103 a declarat c\u0103, \u00een cazul lui Alexandru Vi\u0219inescu, ar trebui aplicat\u0103 deten\u021bia pe via\u021b\u0103, \u00eens\u0103, cum acesta are peste 65 de ani, pedeapsa maxim\u0103 prev\u0103zut\u0103 de legea penal\u0103 este de 25 de ani.<br \/>\nProcurorul a explicat c\u0103 pentru Alexandru Vi\u0219inescu legea penal\u0103 mai favorabil\u0103 este vechiul Cod penal, respectiv infrac\u021biunea de tratamente neomenoase, care are \u00een noul Cod penal corespondent \u00een infrac\u021biunea de crime \u00eempotriva umanit\u0103\u021bii.<br \/>\nReprezentantul Parchetului a mai cerut ca Alexandru Vi\u0219inescu s\u0103 fie degradat militar \u0219i s\u0103 fie obligat, \u00een solidar cu Ministerul de Interne, Ministerul de Finan\u021be \u0219i ANP, la plata unor desp\u0103gubiri c\u0103tre trei p\u0103r\u021bi civile, rude apropiate ale de\u021binu\u021bilor politici care au decedat \u00een Penitenciarul R\u00e2mnicu S\u0103rat.<br \/>\nAlexandru Vi\u0219inescu a fost prezent \u00een sala de judecat\u0103, \u00eens\u0103 el a spus c\u0103 se prevaleaz\u0103 de dreptul la t\u0103cere \u0219i nu dore\u0219te s\u0103 dea o declara\u021bie \u00een acest dosar.\n<\/div>\n<p> Source URL: https:\/\/observatornews.ro\/politic\/procurorii-cer-25-de-ani-de-inchisoare-pentru-torionarul-viinescu-156847.html<\/p>\n","protected":false},"excerpt":{"rendered":"<p>Un procuror de la Parchetul General a cerut mar\u021bi judec\u0103torilor de la Curtea de Apel Bucure\u0219ti condamnarea lui Alexandru Vi\u0219inescu, la 25 de ani \u00eenchisoare \u0219i degradarea militar\u0103, pentru s\u0103v\u00e2r\u0219irea infrac\u021biunii de tratamente neomenoase Un procuror de la Parchetul General a cerut mar\u021bi judec\u0103torilor de la Curtea de Apel Bucure\u0219ti condamnarea lui Alexandru Vi\u0219inescu, la [&hellip;]<\/p>\n","protected":false},"author":1,"featured_media":0,"comment_status":"open","ping_status":"","sticky":false,"template":"","format":"standard","meta":{"footnotes":""},"categories":[2],"tags":[30],"class_list":["post-378071","post","type-post","status-publish","format-standard","hentry","category-politics","tag-observatornews-ro"],"_links":{"self":[{"href":"https:\/\/analyse.optim.biz\/index.php?rest_route=\/wp\/v2\/posts\/378071","targetHints":{"allow":["GET"]}}],"collection":[{"href":"https:\/\/analyse.optim.biz\/index.php?rest_route=\/wp\/v2\/posts"}],"about":[{"href":"https:\/\/analyse.optim.biz\/index.php?rest_route=\/wp\/v2\/types\/post"}],"author":[{"embeddable":true,"href":"https:\/\/analyse.optim.biz\/index.php?rest_route=\/wp\/v2\/users\/1"}],"replies":[{"embeddable":true,"href":"https:\/\/analyse.optim.biz\/index.php?rest_route=%2Fwp%2Fv2%2Fcomments&post=378071"}],"version-history":[{"count":0,"href":"https:\/\/analyse.optim.biz\/index.php?rest_route=\/wp\/v2\/posts\/378071\/revisions"}],"wp:attachment":[{"href":"https:\/\/analyse.optim.biz\/index.php?rest_route=%2Fwp%2Fv2%2Fmedia&parent=378071"}],"wp:term":[{"taxonomy":"category","embeddable":true,"href":"https:\/\/analyse.optim.biz\/index.php?rest_route=%2Fwp%2Fv2%2Fcategories&post=378071"},{"taxonomy":"post_tag","embeddable":true,"href":"https:\/\/analyse.optim.biz\/index.php?rest_route=%2Fwp%2Fv2%2Ftags&post=378071"}],"curies":[{"name":"wp","href":"https:\/\/api.w.org\/{rel}","templated":true}]}}