{"id":377797,"date":"2015-07-23T14:41:00","date_gmt":"2015-07-23T11:41:00","guid":{"rendered":"https:\/\/analyse.optim.biz\/?p=377797"},"modified":"2015-07-23T14:41:00","modified_gmt":"2015-07-23T11:41:00","slug":"klaus-iohannis-a-promulgat-legea-privind-pensiile-militare-de-stat","status":"publish","type":"post","link":"https:\/\/analyse.optim.biz\/?p=377797","title":{"rendered":"Klaus Iohannis a promulgat legea privind pensiile militare de stat"},"content":{"rendered":"<div class=\"description\" data-key=\"description\">Pre\u015fedintele Klaus Iohannis a semnat, joi, decretul pentru promulgarea Legii privind pensiile militare de stat, informeaz\u0103 un comunicat al Administra\u0163iei Preziden\u0163iale<\/div>\n<div class=\"articleBody\" data-key=\"articleBody\">Pre\u015fedintele Klaus Iohannis a semnat, joi, decretul pentru promulgarea Legii privind pensiile militare de stat, informeaz\u0103 un comunicat al Administra\u0163iei Preziden\u0163iale<br \/>\nLegea pensiilor de serviciu pentru militari a fost adoptat\u0103 la 30 iunie de Camera Deputa\u0163ilor, \u00een calitate de for legislativ decizional, cu 289 voturi &#8220;pentru&#8221;, 13 ab\u0163ineri \u015fi un vot \u00eempotriv\u0103.<\/p>\n<p>Actul normativ prevede c\u0103 au dreptul la pensie de serviciu pentru limit\u0103 de v\u00e2rst\u0103 militarii, poli\u0163i\u015ftii \u015fi func\u0163ionarii publici cu statut special, \u00een activitate, care au \u00eemplinit v\u00e2rsta standard de pensionare pentru limit\u0103 de v\u00e2rst\u0103, au o vechime efectiv\u0103 de cel pu\u0163in 25 de ani, din care cel pu\u0163in 15 ani reprezint\u0103 vechimea \u00een serviciu.<br \/>\nV\u00e2rsta standard de pensionare pentru limit\u0103 de v\u00e2rst\u0103 este de 60 de ani, iar atingerea acestei v\u00e2rste se realizeaz\u0103 prin cre\u015fterea v\u00e2rstelor standard de pensionare, conform e\u015falon\u0103rii.<br \/>\nLegea mai prevede c\u0103 au dreptul la pensie de serviciu anticipat\u0103 militarii, poli\u0163i\u015ftii \u015fi func\u0163ionarii publici cu statut special, \u00een activitate, care au \u00eemplinit v\u00e2rsta standard de pensionare pentru limit\u0103 de v\u00e2rst\u0103 diminuat\u0103 cu 5 ani \u015fi sunt trecu\u0163i \u00een rezerv\u0103 ori au \u00eencetat raporturile de serviciu ca urmare a reorganiz\u0103rii unor unit\u0103\u0163i \u015fi a reducerii unor func\u0163ii din statele de organizare, precum \u015fi pentru alte motive sau nevoi ale institu\u0163iilor din domeniul ap\u0103r\u0103rii na\u0163ionale, ordinii publice \u015fi securitate na\u0163ional\u0103, sunt trecu\u0163i \u00een rezerv\u0103 sau direct \u00een retragere ori au \u00eencetat raporturile de serviciu ca urmare a clas\u0103rii ca inapt sau apt limitat pentru serviciul militar\/serviciu de c\u0103tre comisiile de expertiz\u0103 medico-militar\u0103, potrivit Antena3.<br \/>\nAcordarea pensiei anticipate, diminuarea v\u00e2rstei standard de pensionare cu 5 ani nu poate fi cumulat\u0103 cu nicio alt\u0103 reducere.<\/p>\n<p>Baza de calcul pentru stabilirea pensiei militare de stat este media tuturor veniturilor brute realizate \u00een 6 luni consecutive, din ultimii 5 ani de activitate, actualizate la data deschiderii drepturilor de pensie, la alegerea persoanelor.<br \/>\nLa media ob\u0163inut\u0103 se adaug\u0103 un spor de p\u00e2n\u0103 la 15 % \u00een condi\u0163iile stabilite prin ordin comun al conduc\u0103torilor institu\u0163iilor din domeniul ap\u0103r\u0103rii na\u0163ionale, ordinii publice \u015fi securit\u0103\u0163ii na\u0163ionale, mai prevede textul legislativ.<br \/>\nProiectul de lege ini\u0163iat de Guvern a fost votat \u015fi de Senat, prima Camer\u0103 sesizat\u0103, \u00een 29 iunie, fiind \u00eenregistrate 119 voturi &#8220;pentru&#8221;, un vot&#8221;\u00eempotriv\u0103&#8221;\u015fi dou\u0103 ab\u0163ineri. <\/p><\/div>\n<p> Source URL: https:\/\/observatornews.ro\/politic\/klaus-iohannis-a-promulgat-legea-privind-pensiile-militare-de-stat-157530.html<\/p>\n","protected":false},"excerpt":{"rendered":"<p>Pre\u015fedintele Klaus Iohannis a semnat, joi, decretul pentru promulgarea Legii privind pensiile militare de stat, informeaz\u0103 un comunicat al Administra\u0163iei Preziden\u0163iale Pre\u015fedintele Klaus Iohannis a semnat, joi, decretul pentru promulgarea Legii privind pensiile militare de stat, informeaz\u0103 un comunicat al Administra\u0163iei Preziden\u0163iale Legea pensiilor de serviciu pentru militari a fost adoptat\u0103 la 30 iunie de [&hellip;]<\/p>\n","protected":false},"author":1,"featured_media":0,"comment_status":"open","ping_status":"","sticky":false,"template":"","format":"standard","meta":{"footnotes":""},"categories":[2],"tags":[30],"class_list":["post-377797","post","type-post","status-publish","format-standard","hentry","category-politics","tag-observatornews-ro"],"_links":{"self":[{"href":"https:\/\/analyse.optim.biz\/index.php?rest_route=\/wp\/v2\/posts\/377797","targetHints":{"allow":["GET"]}}],"collection":[{"href":"https:\/\/analyse.optim.biz\/index.php?rest_route=\/wp\/v2\/posts"}],"about":[{"href":"https:\/\/analyse.optim.biz\/index.php?rest_route=\/wp\/v2\/types\/post"}],"author":[{"embeddable":true,"href":"https:\/\/analyse.optim.biz\/index.php?rest_route=\/wp\/v2\/users\/1"}],"replies":[{"embeddable":true,"href":"https:\/\/analyse.optim.biz\/index.php?rest_route=%2Fwp%2Fv2%2Fcomments&post=377797"}],"version-history":[{"count":0,"href":"https:\/\/analyse.optim.biz\/index.php?rest_route=\/wp\/v2\/posts\/377797\/revisions"}],"wp:attachment":[{"href":"https:\/\/analyse.optim.biz\/index.php?rest_route=%2Fwp%2Fv2%2Fmedia&parent=377797"}],"wp:term":[{"taxonomy":"category","embeddable":true,"href":"https:\/\/analyse.optim.biz\/index.php?rest_route=%2Fwp%2Fv2%2Fcategories&post=377797"},{"taxonomy":"post_tag","embeddable":true,"href":"https:\/\/analyse.optim.biz\/index.php?rest_route=%2Fwp%2Fv2%2Ftags&post=377797"}],"curies":[{"name":"wp","href":"https:\/\/api.w.org\/{rel}","templated":true}]}}