{"id":377555,"date":"2015-08-03T12:11:00","date_gmt":"2015-08-03T09:11:00","guid":{"rendered":"https:\/\/analyse.optim.biz\/?p=377555"},"modified":"2015-08-03T12:11:00","modified_gmt":"2015-08-03T09:11:00","slug":"marian-vanghelie-il-ataca-pe-victor-ponta-n-a-fost-niciodata-premier","status":"publish","type":"post","link":"https:\/\/analyse.optim.biz\/?p=377555","title":{"rendered":"Marian Vanghelie \u00eel atac\u0103 pe Victor Ponta: &#8220;N-a fost niciodat\u0103 premier&#8221;"},"content":{"rendered":"<div class=\"description\" data-key=\"description\">\u00centrebat dac\u0103 crede c\u0103 Victor Ponta va mai fi premier \u00een toamn\u0103, Marian Vanghelie a spus c\u0103 nu crede c\u0103 acesta a fost vreodat\u0103 prim-ministru<\/div>\n<div class=\"articleBody\" data-key=\"articleBody\">\n\u00centrebat dac\u0103 crede c\u0103 Victor Ponta va mai fi premier \u00een toamn\u0103, Marian Vanghelie a spus c\u0103 nu crede c\u0103 acesta a fost vreodat\u0103 prim-ministru<br \/>\nMarian Vanghelie s-a prezentat, luni, la Tribunalul Bucure\u015fti, unde judec\u0103torul a verificat m\u0103surile preventive ale celor din dosarul s\u0103u de corup\u0163ie. \u00centrebat la ie\u015fire dac\u0103 apreciaz\u0103 c\u0103 Victor Ponta va mai fi premier \u00een toamn\u0103, Marian Vanghelie a spus: \u201dEu nu cred c\u0103 Victor Ponta a fost premier niciodat\u0103\u201d.<br \/>\nReferitor la mediul politic, Vanghelie a r\u0103spuns: &#8220;V-am spus c\u0103 exist\u0103 un ciclu &#8211; unii-s mari azi, m\u00e2ine sunt al\u0163ii mari, nu m\u0103 mai intereseaz\u0103 pe mine. Pe mine poate s\u0103 m\u0103 intereseze ce va urma \u00een politica rom\u00e2neasc\u0103 \u00een urm\u0103torii ani&#8221;.<br \/>\n\u00centrebat despre acuza\u0163iile din dosarul s\u0103u \u015fi dac\u0103 a primit vreodat\u0103 bunuri sau bani din presupusele fapte de corup\u0163ie imputate de anchetatorii DNA, Vanghelie a sus\u0163inut c\u0103 a mai primit &#8220;o clopotni\u0163\u0103 la o biseric\u0103&#8221;, potrivit Antena3.<br \/>\n&#8220;Am trimis zece camioane de ap\u0103 la sinistra\u0163ii de la Boto\u015fani, s-a numit comisionul meu. Concret, c\u00e2nd se va demonstra c\u0103 am primit ceva eu, pentru mine, atunci pe mine nu ma veti mai vedea \u00een spa\u0163iul public. \u00censeamn\u0103 c\u0103 eu nu mai \u00eensemn nimic, nu mai valorez nimic&#8221;, a mai spus fostul edil.<br \/>\nEl a sus\u0163inut c\u0103 acuza\u0163iile din dosarul s\u0103u reprezint\u0103 &#8220;o poveste&#8221;: &#8220;Mi-a spus un avocat care a fost \u015fi procuror. Mi-a spus ca este ca \u015fi dosarul lui Ceau\u015fescu, a fost la fel. \u00centelege\u0163i?&#8221;.<br \/>\nReferitor la perioada arestului preventiv \u015fi cea a arestului la domiciliu, Marian Vanghelie a spus c\u0103 cel mai mult l-au &#8220;\u00eent\u0103rit&#8221; mesajele de la oameni.<br \/>\n\u00centrebat dac\u0103 ar reveni la Prim\u0103ria Sectorului 5, Marian Vanghelie a spus c\u0103 este posibil, dac\u0103 oamenii consider\u0103 c\u0103 merit\u0103.<\/div>\n<p> Source URL: https:\/\/observatornews.ro\/politic\/marian-vanghelie-il-ataca-pe-victor-ponta-na-fost-niciodata-premier-158346.html<\/p>\n","protected":false},"excerpt":{"rendered":"<p>\u00centrebat dac\u0103 crede c\u0103 Victor Ponta va mai fi premier \u00een toamn\u0103, Marian Vanghelie a spus c\u0103 nu crede c\u0103 acesta a fost vreodat\u0103 prim-ministru \u00centrebat dac\u0103 crede c\u0103 Victor Ponta va mai fi premier \u00een toamn\u0103, Marian Vanghelie a spus c\u0103 nu crede c\u0103 acesta a fost vreodat\u0103 prim-ministru Marian Vanghelie s-a prezentat, luni, [&hellip;]<\/p>\n","protected":false},"author":1,"featured_media":0,"comment_status":"open","ping_status":"","sticky":false,"template":"","format":"standard","meta":{"footnotes":""},"categories":[2],"tags":[30],"class_list":["post-377555","post","type-post","status-publish","format-standard","hentry","category-politics","tag-observatornews-ro"],"_links":{"self":[{"href":"https:\/\/analyse.optim.biz\/index.php?rest_route=\/wp\/v2\/posts\/377555","targetHints":{"allow":["GET"]}}],"collection":[{"href":"https:\/\/analyse.optim.biz\/index.php?rest_route=\/wp\/v2\/posts"}],"about":[{"href":"https:\/\/analyse.optim.biz\/index.php?rest_route=\/wp\/v2\/types\/post"}],"author":[{"embeddable":true,"href":"https:\/\/analyse.optim.biz\/index.php?rest_route=\/wp\/v2\/users\/1"}],"replies":[{"embeddable":true,"href":"https:\/\/analyse.optim.biz\/index.php?rest_route=%2Fwp%2Fv2%2Fcomments&post=377555"}],"version-history":[{"count":0,"href":"https:\/\/analyse.optim.biz\/index.php?rest_route=\/wp\/v2\/posts\/377555\/revisions"}],"wp:attachment":[{"href":"https:\/\/analyse.optim.biz\/index.php?rest_route=%2Fwp%2Fv2%2Fmedia&parent=377555"}],"wp:term":[{"taxonomy":"category","embeddable":true,"href":"https:\/\/analyse.optim.biz\/index.php?rest_route=%2Fwp%2Fv2%2Fcategories&post=377555"},{"taxonomy":"post_tag","embeddable":true,"href":"https:\/\/analyse.optim.biz\/index.php?rest_route=%2Fwp%2Fv2%2Ftags&post=377555"}],"curies":[{"name":"wp","href":"https:\/\/api.w.org\/{rel}","templated":true}]}}