{"id":377321,"date":"2015-08-17T14:41:00","date_gmt":"2015-08-17T11:41:00","guid":{"rendered":"https:\/\/analyse.optim.biz\/?p=377321"},"modified":"2015-08-17T14:41:00","modified_gmt":"2015-08-17T11:41:00","slug":"procurorul-emilian-eva-ramane-in-arest-preventiv","status":"publish","type":"post","link":"https:\/\/analyse.optim.biz\/?p=377321","title":{"rendered":"Procurorul Emilian Eva r\u0103m\u00e2ne \u00een arest preventiv"},"content":{"rendered":"<div class=\"description\" data-key=\"description\">\u00cenalta Curte de Casa\u021bie \u0219i Justi\u021bie i-a respins, luni, contesta\u021bia \u00eempotriva prelungirii mandatului cu 30 de zile.<\/div>\n<div class=\"articleBody\" data-key=\"articleBody\">\u00cenalta Curte de Casa\u021bie \u0219i Justi\u021bie i-a respins, luni, contesta\u021bia \u00eempotriva prelungirii mandatului cu 30 de zile.\u00a0<br \/>\nDecizia este definitiv\u0103.<br \/>\nProcurorul Emilian Eva de la Parchetul de pe l\u00e2ng\u0103 Tribunalul Ia\u0219i, acuzat de corup\u021bie, a cerut s\u0103 fie pus sub control judiciar \u0219i a contestat decizia instan\u021bei din 31 iulie, prin care i-a fost prelungit mandatul de arestare preventiv\u0103 cu 30 de zile.<br \/>\nMar\u021bea trecut\u0103, \u00een sala de judecat\u0103, avocatul lui Emilian Eva a declarat c\u0103 acesta nu a avut nicio abatere disciplinar\u0103 timp de 23 de ani ca magistrat, dore\u0219te s\u0103 fie cercetat sub control judiciar \u0219i &#8220;con\u0219tientizeaz\u0103 situa\u021bia \u00een care se afl\u0103 \u0219i umilin\u021ba la care este supus&#8221;.<br \/>\nLa r\u00e2ndul s\u0103u, Emilian Eva a spus c\u0103 tablourile g\u0103site \u00een locuin\u021ba sa de c\u0103tre anchetatorii DNA au fost cump\u0103rate de la diver\u0219i colec\u021bionari sau de la t\u00e2rguri de antichit\u0103\u021bi.<br \/>\nEmilian Eva a devenit cunoscut dup\u0103 ce a instrumentat dosarul privatiz\u0103rii ICA, \u00een care Dan Voiculescu a fost condamnat la 10 ani \u00eenchisoare.<br \/>\nPotrivit DNA, \u00een cursul lunilor mai \u2014 iunie 2014, perioad\u0103 \u00een care tat\u0103l s\u0103u se afla internat \u00een spital, Emilian Eva i-a solicitat unui medic s\u0103 depun\u0103 toate diligen\u021bele profesionale &#8220;ca s\u0103 fie bine pentru toat\u0103 lumea&#8221;, \u00een sensul de a-i acorda tratamentul de specialitate tat\u0103lui s\u0103u.<br \/>\nUlterior acestei solicit\u0103ri, \u00een data de 16 iunie 2014, Emilian Eva a dispus printr-o ordonan\u021b\u0103 clasarea unei cauze penale, respectiv renun\u021barea la urm\u0103rirea penal\u0103 fa\u021b\u0103 de medicul respectiv, cercetat sub aspectul s\u0103v\u00e2r\u0219irii infrac\u021biunilor de luare de mit\u0103, \u00een\u0219el\u0103ciune, purtare abuziv\u0103, fals intelectual, uz de fals.<\/div>\n<p> Source URL: https:\/\/observatornews.ro\/politic\/procurorul-emilian-eva-ramane-in-arest-preventiv-159402.html<\/p>\n","protected":false},"excerpt":{"rendered":"<p>\u00cenalta Curte de Casa\u021bie \u0219i Justi\u021bie i-a respins, luni, contesta\u021bia \u00eempotriva prelungirii mandatului cu 30 de zile. \u00cenalta Curte de Casa\u021bie \u0219i Justi\u021bie i-a respins, luni, contesta\u021bia \u00eempotriva prelungirii mandatului cu 30 de zile.\u00a0 Decizia este definitiv\u0103. Procurorul Emilian Eva de la Parchetul de pe l\u00e2ng\u0103 Tribunalul Ia\u0219i, acuzat de corup\u021bie, a cerut s\u0103 fie [&hellip;]<\/p>\n","protected":false},"author":1,"featured_media":0,"comment_status":"open","ping_status":"","sticky":false,"template":"","format":"standard","meta":{"footnotes":""},"categories":[2],"tags":[30],"class_list":["post-377321","post","type-post","status-publish","format-standard","hentry","category-politics","tag-observatornews-ro"],"_links":{"self":[{"href":"https:\/\/analyse.optim.biz\/index.php?rest_route=\/wp\/v2\/posts\/377321","targetHints":{"allow":["GET"]}}],"collection":[{"href":"https:\/\/analyse.optim.biz\/index.php?rest_route=\/wp\/v2\/posts"}],"about":[{"href":"https:\/\/analyse.optim.biz\/index.php?rest_route=\/wp\/v2\/types\/post"}],"author":[{"embeddable":true,"href":"https:\/\/analyse.optim.biz\/index.php?rest_route=\/wp\/v2\/users\/1"}],"replies":[{"embeddable":true,"href":"https:\/\/analyse.optim.biz\/index.php?rest_route=%2Fwp%2Fv2%2Fcomments&post=377321"}],"version-history":[{"count":0,"href":"https:\/\/analyse.optim.biz\/index.php?rest_route=\/wp\/v2\/posts\/377321\/revisions"}],"wp:attachment":[{"href":"https:\/\/analyse.optim.biz\/index.php?rest_route=%2Fwp%2Fv2%2Fmedia&parent=377321"}],"wp:term":[{"taxonomy":"category","embeddable":true,"href":"https:\/\/analyse.optim.biz\/index.php?rest_route=%2Fwp%2Fv2%2Fcategories&post=377321"},{"taxonomy":"post_tag","embeddable":true,"href":"https:\/\/analyse.optim.biz\/index.php?rest_route=%2Fwp%2Fv2%2Ftags&post=377321"}],"curies":[{"name":"wp","href":"https:\/\/api.w.org\/{rel}","templated":true}]}}