{"id":377319,"date":"2015-08-18T07:38:00","date_gmt":"2015-08-18T04:38:00","guid":{"rendered":"https:\/\/analyse.optim.biz\/?p=377319"},"modified":"2015-08-18T07:38:00","modified_gmt":"2015-08-18T04:38:00","slug":"judecatorii-au-respins-contestatia-dna-fata-de-modificarile-controlului-judiciar-pentru-mircea-basescu","status":"publish","type":"post","link":"https:\/\/analyse.optim.biz\/?p=377319","title":{"rendered":"Judec\u0103torii au respins contesta\u021bia DNA fa\u021b\u0103 de modific\u0103rile controlului judiciar pentru Mircea B\u0103sescu"},"content":{"rendered":"<div class=\"description\" data-key=\"description\">Magistra\u021bii Cur\u021bii de Apel Constan\u021ba au respins ca fiind nefondat\u0103 contesta\u021bia DNA \u00eempotriva deciziei Tribunalului ca Mircea B\u0103sescu s\u0103 r\u0103m\u00e2n\u0103 sub control judiciar cu posibilitatea de a pleca din jude\u021bul Constan\u021ba f\u0103r\u0103 \u00eencuviin\u021barea instan\u021bei, r\u0103m\u00e2n\u00e2nd interdic\u021bia cu privire la p\u0103r\u0103sirea teritoriului Rom\u00e2niei<\/div>\n<div class=\"articleBody\" data-key=\"articleBody\">Magistra\u021bii Cur\u021bii de Apel Constan\u021ba au respins ca fiind nefondat\u0103 contesta\u021bia DNA \u00eempotriva deciziei Tribunalului ca Mircea B\u0103sescu s\u0103 r\u0103m\u00e2n\u0103 sub control judiciar cu posibilitatea de a pleca din jude\u021bul Constan\u021ba f\u0103r\u0103 \u00eencuviin\u021barea instan\u021bei, r\u0103m\u00e2n\u00e2nd interdic\u021bia cu privire la p\u0103r\u0103sirea teritoriului Rom\u00e2niei<br \/>\nHot\u0103r\u00e2rea instan\u021bei este definitiv\u0103.<br \/>\nAceea\u0219i decizie a fost luat\u0103 de judec\u0103torii Cur\u021bii de Apel Constan\u021ba \u0219i \u00een cazul lui Marian C\u0103p\u0103\u021b\u00e2n\u0103.<br \/>\nPe 12 august, Tribunalul Constan\u021ba a hot\u0103r\u00e2t c\u0103 Mircea B\u0103sescu poate p\u0103r\u0103si jude\u021bul Constan\u021ba, cu obliga\u021bia &#8220;s\u0103 nu dep\u0103\u0219easc\u0103 limita teritorial\u0103 a Rom\u00e2niei dec\u00e2t cu \u00eencuviin\u021barea prealabil\u0103 a instan\u021bei de judecat\u0103&#8221;.<br \/>\nPentru Marian C\u0103p\u0103\u021b\u00e2n\u0103 judec\u0103torii au dispus men\u021binerea controlului judiciar, \u00eenlocuind m\u0103sura prin care era obligat s\u0103 nu plece din Bucure\u0219ti cu cea a oblig\u0103rii de a nu p\u0103r\u0103si \u021bara dec\u00e2t cu acordul instan\u021bei.<br \/>\nMircea B\u0103sescu \u0219i Marian C\u0103p\u0103\u021b\u00e2n\u0103 au fost trimi\u0219i \u00een judecat\u0103 \u00een iunie 2014 de c\u0103tre procurorii DNA, pentru trafic de influen\u021b\u0103 \u0219i respectiv complicitate la trafic de influen\u021b\u0103, iar \u00een luna noiembrie a aceluia\u0219i an a \u00eenceput derularea procesului.<br \/>\nDup\u0103 ce au fost cerceta\u021bi \u00een stare de arest preventiv, judec\u0103torii au \u00eenlocuit respectiva m\u0103sur\u0103 cu cea a arestului la domiciliu.<br \/>\nPotrivit DNA, \u00een perioada 20 februarie 2011 \u2014 22 februarie 2012, Mircea B\u0103sescu a primit suma de 250.000 de euro de la un denun\u021b\u0103tor (Florin Anghel), prin intermediul inculpatului Marian C\u0103p\u0103\u021b\u00e2n\u0103, \u00een schimbul promisiunii c\u0103 va interveni pe l\u00e2ng\u0103 magistra\u021bii \u00eenvesti\u021bi cu solu\u021bionarea cauzei referitoare la infrac\u021biunea s\u0103v\u00e2r\u0219it\u0103 de tat\u0103l acestuia (Sandu Anghel), precum \u0219i a altor cereri incidente \u00een respectiva cauz\u0103, \u00een scopul de a ob\u021bine o hot\u0103r\u00e2re favorabil\u0103, fie condamnarea la o pedeaps\u0103 mai mic\u0103, fie punerea \u00een libertate.<\/div>\n<p> Source URL: https:\/\/observatornews.ro\/politic\/judecatorii-au-respins-contestaia-dna-faa-de-modificarile-controlului-judiciar-pentru-mircea-basescu-159452.html<\/p>\n","protected":false},"excerpt":{"rendered":"<p>Magistra\u021bii Cur\u021bii de Apel Constan\u021ba au respins ca fiind nefondat\u0103 contesta\u021bia DNA \u00eempotriva deciziei Tribunalului ca Mircea B\u0103sescu s\u0103 r\u0103m\u00e2n\u0103 sub control judiciar cu posibilitatea de a pleca din jude\u021bul Constan\u021ba f\u0103r\u0103 \u00eencuviin\u021barea instan\u021bei, r\u0103m\u00e2n\u00e2nd interdic\u021bia cu privire la p\u0103r\u0103sirea teritoriului Rom\u00e2niei Magistra\u021bii Cur\u021bii de Apel Constan\u021ba au respins ca fiind nefondat\u0103 contesta\u021bia DNA \u00eempotriva [&hellip;]<\/p>\n","protected":false},"author":1,"featured_media":377320,"comment_status":"open","ping_status":"","sticky":false,"template":"","format":"standard","meta":{"footnotes":""},"categories":[2],"tags":[30],"class_list":["post-377319","post","type-post","status-publish","format-standard","has-post-thumbnail","hentry","category-politics","tag-observatornews-ro"],"_links":{"self":[{"href":"https:\/\/analyse.optim.biz\/index.php?rest_route=\/wp\/v2\/posts\/377319","targetHints":{"allow":["GET"]}}],"collection":[{"href":"https:\/\/analyse.optim.biz\/index.php?rest_route=\/wp\/v2\/posts"}],"about":[{"href":"https:\/\/analyse.optim.biz\/index.php?rest_route=\/wp\/v2\/types\/post"}],"author":[{"embeddable":true,"href":"https:\/\/analyse.optim.biz\/index.php?rest_route=\/wp\/v2\/users\/1"}],"replies":[{"embeddable":true,"href":"https:\/\/analyse.optim.biz\/index.php?rest_route=%2Fwp%2Fv2%2Fcomments&post=377319"}],"version-history":[{"count":0,"href":"https:\/\/analyse.optim.biz\/index.php?rest_route=\/wp\/v2\/posts\/377319\/revisions"}],"wp:featuredmedia":[{"embeddable":true,"href":"https:\/\/analyse.optim.biz\/index.php?rest_route=\/wp\/v2\/media\/377320"}],"wp:attachment":[{"href":"https:\/\/analyse.optim.biz\/index.php?rest_route=%2Fwp%2Fv2%2Fmedia&parent=377319"}],"wp:term":[{"taxonomy":"category","embeddable":true,"href":"https:\/\/analyse.optim.biz\/index.php?rest_route=%2Fwp%2Fv2%2Fcategories&post=377319"},{"taxonomy":"post_tag","embeddable":true,"href":"https:\/\/analyse.optim.biz\/index.php?rest_route=%2Fwp%2Fv2%2Ftags&post=377319"}],"curies":[{"name":"wp","href":"https:\/\/api.w.org\/{rel}","templated":true}]}}