{"id":377265,"date":"2015-08-19T05:19:00","date_gmt":"2015-08-19T02:19:00","guid":{"rendered":"https:\/\/analyse.optim.biz\/?p=377265"},"modified":"2015-08-19T05:19:00","modified_gmt":"2015-08-19T02:19:00","slug":"seful-dga-prahova-arestat-preventiv-ofiterul-bcco-pus-sub-control-judiciar","status":"publish","type":"post","link":"https:\/\/analyse.optim.biz\/?p=377265","title":{"rendered":"\u0218eful DGA Prahova, arestat preventiv. Ofi\u021berul BCCO, pus sub control judiciar"},"content":{"rendered":"<div class=\"description\" data-key=\"description\">Constantin Ispas, \u0219eful Serviciului Jude\u021bean Anticorup\u021bie (SJA) Prahova, a fost arestat preventiv pentru 30 de zile \u00eentr-un dosar de corup\u021bie, dup\u0103 ce Tribunalul Prahova a admis propunerea procurorilor DNA<\/div>\n<div class=\"articleBody\" data-key=\"articleBody\">Constantin Ispas, \u0219eful Serviciului Jude\u021bean Anticorup\u021bie (SJA) Prahova, a fost arestat preventiv pentru 30 de zile \u00eentr-un dosar de corup\u021bie, dup\u0103 ce Tribunalul Prahova a admis propunerea procurorilor DNA<br \/>\n\u00cen cazul ofi\u021berului de poli\u021bie judiciar\u0103 Emanuel Saghel, care este \u0219ef serviciu \u00een cadrul Brig\u0103zii de Combatere a Criminalit\u0103\u021bii Organizate Ploie\u0219ti, instan\u021ba a dispus ca acesta s\u0103 fie plasat sub control judiciar.<br \/>\nDecizia Tribunalului Prahova nu este definitiv\u0103 \u0219i poate fi contestat\u0103.<br \/>\nCei doi au fost re\u021binu\u021bi luni noapte, dup\u0103 aproximativ 12 ore de audieri, al\u0103turi de adjunctul \u0219efului IJP Prahova, Adrian R\u0103dulescu, \u00eentr-un dosar care vizeaz\u0103 mai multe fapte de corup\u021bie.<br \/>\nIni\u021bial, DNA a anun\u021bat, \u00eentr-un comunicat de pres\u0103, c\u0103 R\u0103dulescu va fi prezentat Tribunalului Prahova cu propunere de arestare preventiv\u0103, al\u0103turi de ceilal\u021bi doi, Constantin Ispas \u0219i Emanuel Saghel.<br \/>\nUlterior, procurorii DNA au dispus m\u0103sura controlului judiciar fa\u021b\u0103 de R\u0103dulescu, astfel c\u0103 acesta nu va mai fi prezentat instan\u021bei pentru emiterea unui mandat de arestare pe numele s\u0103u.<br \/>\nPotrivit unui comunicat al DNA, Constantin Ispas, \u0219eful SJA Prahova din cadrul Direc\u021biei Generale Anticorup\u021bie, a fost re\u021binut pentru luare de mit\u0103, trafic de influen\u021b\u0103 (3 infrac\u021biuni), sp\u0103lare de bani, cercetare abuziv\u0103, efectuarea de opera\u021biuni financiare, ca acte de comer\u021b incompatibile cu func\u021bia, atribu\u021bia sau \u00eens\u0103rcinarea pe care o \u00eendepline\u0219te o persoan\u0103 \u0219i folosire, \u00een orice mod, direct sau indirect, de informa\u021bii ce nu sunt destinate publicit\u0103\u021bii ori permiterea accesului unor persoane neautorizate la aceste informa\u021bii, iar adjunctul IJP Prahova, Adrian R\u0103dulescu, pentru dou\u0103 infrac\u021biuni de cercetare abuziv\u0103.<br \/>\nOfi\u021berul de poli\u021bie judiciar\u0103 Emanuel Saghel \u2014 \u0219ef serviciu \u00een cadrul BCCO Ploie\u0219ti \u2014 a fost re\u021binut pentru luare de mit\u0103, trafic de influen\u021b\u0103, \u0219antaj \u0219i folosire, \u00een orice mod, direct sau indirect, de informa\u021bii ce nu sunt destinate publicit\u0103\u021bii ori permiterea accesului unor persoane neautorizate la aceste informa\u021bii.<\/div>\n<p> Source URL: https:\/\/observatornews.ro\/politic\/eful-dga-prahova-arestat-preventiv-ofierul-bcco-pus-sub-control-judiciar-159518.html<\/p>\n","protected":false},"excerpt":{"rendered":"<p>Constantin Ispas, \u0219eful Serviciului Jude\u021bean Anticorup\u021bie (SJA) Prahova, a fost arestat preventiv pentru 30 de zile \u00eentr-un dosar de corup\u021bie, dup\u0103 ce Tribunalul Prahova a admis propunerea procurorilor DNA Constantin Ispas, \u0219eful Serviciului Jude\u021bean Anticorup\u021bie (SJA) Prahova, a fost arestat preventiv pentru 30 de zile \u00eentr-un dosar de corup\u021bie, dup\u0103 ce Tribunalul Prahova a admis [&hellip;]<\/p>\n","protected":false},"author":1,"featured_media":0,"comment_status":"open","ping_status":"","sticky":false,"template":"","format":"standard","meta":{"footnotes":""},"categories":[2],"tags":[30],"class_list":["post-377265","post","type-post","status-publish","format-standard","hentry","category-politics","tag-observatornews-ro"],"_links":{"self":[{"href":"https:\/\/analyse.optim.biz\/index.php?rest_route=\/wp\/v2\/posts\/377265","targetHints":{"allow":["GET"]}}],"collection":[{"href":"https:\/\/analyse.optim.biz\/index.php?rest_route=\/wp\/v2\/posts"}],"about":[{"href":"https:\/\/analyse.optim.biz\/index.php?rest_route=\/wp\/v2\/types\/post"}],"author":[{"embeddable":true,"href":"https:\/\/analyse.optim.biz\/index.php?rest_route=\/wp\/v2\/users\/1"}],"replies":[{"embeddable":true,"href":"https:\/\/analyse.optim.biz\/index.php?rest_route=%2Fwp%2Fv2%2Fcomments&post=377265"}],"version-history":[{"count":0,"href":"https:\/\/analyse.optim.biz\/index.php?rest_route=\/wp\/v2\/posts\/377265\/revisions"}],"wp:attachment":[{"href":"https:\/\/analyse.optim.biz\/index.php?rest_route=%2Fwp%2Fv2%2Fmedia&parent=377265"}],"wp:term":[{"taxonomy":"category","embeddable":true,"href":"https:\/\/analyse.optim.biz\/index.php?rest_route=%2Fwp%2Fv2%2Fcategories&post=377265"},{"taxonomy":"post_tag","embeddable":true,"href":"https:\/\/analyse.optim.biz\/index.php?rest_route=%2Fwp%2Fv2%2Ftags&post=377265"}],"curies":[{"name":"wp","href":"https:\/\/api.w.org\/{rel}","templated":true}]}}