{"id":377264,"date":"2015-08-19T07:56:00","date_gmt":"2015-08-19T04:56:00","guid":{"rendered":"https:\/\/analyse.optim.biz\/?p=377264"},"modified":"2015-08-19T07:56:00","modified_gmt":"2015-08-19T04:56:00","slug":"update-premierul-victor-ponta-la-dna-mi-s-a-dat-expertiza","status":"publish","type":"post","link":"https:\/\/analyse.optim.biz\/?p=377264","title":{"rendered":"Update! Premierul Victor Ponta, la DNA: &#8220;Mi s-a dat expertiza&#8221;"},"content":{"rendered":"<div class=\"description\" data-key=\"description\">Premierul Victor Ponta s-a prezentat miercuri la Direc\u021bia Na\u021bional\u0103 Anticorup\u021bie, fiind citat \u00een dosarul Rovinari -Turceni<\/div>\n<div class=\"articleBody\" data-key=\"articleBody\">Premierul Victor Ponta s-a prezentat miercuri la Direc\u021bia Na\u021bional\u0103 Anticorup\u021bie, fiind citat \u00een dosarul Rovinari -Turceni<br \/>\nUPDATE 12:00 &#8220;Mi s-a dat expertiza. Am pl\u0103tit cu 2.000 lei \u00een plus taxe, dar nu le mai cer de la statul rom\u00e2n&#8221;, a afirmat premierul \u00eentrebat de rezultatele expertizei \u0219i c\u00e2t s-a stabilit prejudiciul.<br \/>\n&#8220;Acum stau pe picioare foarte bine&#8221;, a ad\u0103ugat acesta ironic.<br \/>\nVictor Ponta a precizat c\u0103 va da declara\u021bii c\u00e2nd va fi chemat de procuror cu avocatul. &#8220;O sa dau declara\u021bii c\u00e2nd m\u0103 cheam\u0103 procurorul cu avocatul&#8221;, a spus acesta.<br \/>\n\u00centrebat despre discu\u021biile cu pre\u0219edintele Iohannis, Ponta a ar\u0103tat c\u0103 &#8220;politica se face \u00een alt\u0103 parte, nu la DNA&#8221;.<br \/>\n_____________________________________<br \/>\nLa intrarea \u00een sediul DNA, premierul a confirmat c\u0103 expertiza din dosar este finalizat\u0103. \u00cen ceea ce prive\u0219te eventuale declara\u021bii, el a ar\u0103tat c\u0103 procurorul de caz va decide \u00een acest sens.<br \/>\n\u00cen 13 iulie, Victor Ponta a fost chemat luni la DNA, unde a fost anun\u021bat c\u0103 \u00een dosar s-a dispus efectuarea unei expertize financiar-contabile \u0219i c\u0103 procurorii au instituit m\u0103sura asigur\u0103torie a sechestrului asupra bunurilor mobile \u0219i imobile ce \u00eei apar\u021bin \u00een dosarul Rovinari\u2014Turceni \u00een care acesta este urm\u0103rit penal pentru fals \u00een \u00eenscrisuri sub semn\u0103tur\u0103 privat\u0103, complicitate la evaziune fiscal\u0103 \u00een form\u0103 continuat\u0103 \u0219i sp\u0103lare de bani.<br \/>\nTot atunci, DNA i-a schimbat calitatea \u00een acest dosar din suspect \u00een inculpat, premierul preval\u00e2ndu-se de dreptul la t\u0103cere, astfel c\u0103 nu a dat o declara\u021bie \u00een fa\u021ba procurorului.<br \/>\n&#8220;\u00cen cauz\u0103, procurorii au instituit m\u0103sura asigur\u0103torie a sechestrului asupra bunurilor mobile \u0219i imobile ce apar\u021bin inculpatului Ponta Victor-Viorel. Inculpatului Ponta Victor-Viorel i s-a adus la cuno\u0219tin\u021b\u0103 calitatea procesual\u0103 \u00een conformitate cu prevederile art. 309 Cod de procedur\u0103 penal\u0103&#8221;, se arat\u0103 \u00eentr-un comunicat al DNA remis la acea dat\u0103 AGERPRES.<br \/>\nPotrivit sursei citate, procurorii DNA au dispus punerea \u00een mi\u0219care a ac\u021biunii penale fa\u021b\u0103 de Victor Ponta, la data faptelor avocat, reprezentant legal al Cabinetului Individual de Avocat &#8220;Ponta Victor-Viorel&#8221;, \u00een prezent prim-ministru, sub aspectul s\u0103v\u00e2r\u0219irii infrac\u021biunilor de fals \u00een \u00eenscrisuri sub semn\u0103tur\u0103 privat\u0103 (17 infrac\u021biuni), complicitate la evaziune fiscal\u0103, \u00een form\u0103 continuat\u0103, sp\u0103larea banilor.<br \/>\n\u00cen ordonan\u021ba procurorilor se arat\u0103 c\u0103, \u00een cauz\u0103, exist\u0103 date \u0219i probe din care rezult\u0103 c\u0103 o parte \u00eensemnat\u0103 din sumele ob\u021binute de c\u0103tre SCA &#8220;\u0218ova \u0219i Asocia\u021bii&#8221; de la complexurile energetice Turceni \u0219i Rovinari a fost destinat\u0103 exclusiv interesului personal al lui Dan \u0218ova \u0219i al persoanelor din sfera sa rela\u021bional\u0103.\n<\/div>\n<p> Source URL: https:\/\/observatornews.ro\/politic\/premierul-victor-ponta-la-dna-159530.html<\/p>\n","protected":false},"excerpt":{"rendered":"<p>Premierul Victor Ponta s-a prezentat miercuri la Direc\u021bia Na\u021bional\u0103 Anticorup\u021bie, fiind citat \u00een dosarul Rovinari -Turceni Premierul Victor Ponta s-a prezentat miercuri la Direc\u021bia Na\u021bional\u0103 Anticorup\u021bie, fiind citat \u00een dosarul Rovinari -Turceni UPDATE 12:00 &#8220;Mi s-a dat expertiza. Am pl\u0103tit cu 2.000 lei \u00een plus taxe, dar nu le mai cer de la statul rom\u00e2n&#8221;, [&hellip;]<\/p>\n","protected":false},"author":1,"featured_media":0,"comment_status":"open","ping_status":"","sticky":false,"template":"","format":"standard","meta":{"footnotes":""},"categories":[2],"tags":[30],"class_list":["post-377264","post","type-post","status-publish","format-standard","hentry","category-politics","tag-observatornews-ro"],"_links":{"self":[{"href":"https:\/\/analyse.optim.biz\/index.php?rest_route=\/wp\/v2\/posts\/377264","targetHints":{"allow":["GET"]}}],"collection":[{"href":"https:\/\/analyse.optim.biz\/index.php?rest_route=\/wp\/v2\/posts"}],"about":[{"href":"https:\/\/analyse.optim.biz\/index.php?rest_route=\/wp\/v2\/types\/post"}],"author":[{"embeddable":true,"href":"https:\/\/analyse.optim.biz\/index.php?rest_route=\/wp\/v2\/users\/1"}],"replies":[{"embeddable":true,"href":"https:\/\/analyse.optim.biz\/index.php?rest_route=%2Fwp%2Fv2%2Fcomments&post=377264"}],"version-history":[{"count":0,"href":"https:\/\/analyse.optim.biz\/index.php?rest_route=\/wp\/v2\/posts\/377264\/revisions"}],"wp:attachment":[{"href":"https:\/\/analyse.optim.biz\/index.php?rest_route=%2Fwp%2Fv2%2Fmedia&parent=377264"}],"wp:term":[{"taxonomy":"category","embeddable":true,"href":"https:\/\/analyse.optim.biz\/index.php?rest_route=%2Fwp%2Fv2%2Fcategories&post=377264"},{"taxonomy":"post_tag","embeddable":true,"href":"https:\/\/analyse.optim.biz\/index.php?rest_route=%2Fwp%2Fv2%2Ftags&post=377264"}],"curies":[{"name":"wp","href":"https:\/\/api.w.org\/{rel}","templated":true}]}}