{"id":376870,"date":"2015-09-08T05:44:00","date_gmt":"2015-09-08T02:44:00","guid":{"rendered":"https:\/\/analyse.optim.biz\/?p=376870"},"modified":"2015-09-08T05:44:00","modified_gmt":"2015-09-08T02:44:00","slug":"adrian-radulescu-acuzat-ca-a-deturnat-200-000-de-euro","status":"publish","type":"post","link":"https:\/\/analyse.optim.biz\/?p=376870","title":{"rendered":"Adrian R\u0103dulescu, acuzat c\u0103 a deturnat 200.000 de euro!"},"content":{"rendered":"<div class=\"description\" data-key=\"description\">Fostul consilier preziden\u0163ial al lui Traian B\u0103sescu, Adrian R\u0103dulescu, este cercetat penal \u00eentr-un dosar de \u00een\u015fel\u0103ciune.<\/div>\n<div class=\"articleBody\" data-key=\"articleBody\">Fostul consilier preziden\u0163ial al lui Traian B\u0103sescu, Adrian R\u0103dulescu, este cercetat penal \u00eentr-un dosar de \u00een\u015fel\u0103ciune. \u00a0<br \/>\nR\u0103dulescu, \u00eempreun\u0103 cu alte dou\u0103 persoane, este acuzat c\u0103 a p\u0103c\u0103lit un medic veterinar stabilit \u00een Germania s\u0103 investeasc\u0103 40.000 de euro \u00eentr-o ferm\u0103.<br \/>\nBanii ar fi fost dirija\u0163i de c\u0103tre Adrian R\u0103dulescu \u015fi asocia\u0163ii s\u0103i c\u0103tre o alt\u0103 societate, iar medicul nu a primit niciun ban \u00eenapoi. <\/div>\n<p> Source URL: https:\/\/observatornews.ro\/politic\/adrian-radulescu-acuzat-ca-a-deturnat-200000-de-euro-160934.html<\/p>\n","protected":false},"excerpt":{"rendered":"<p>Fostul consilier preziden\u0163ial al lui Traian B\u0103sescu, Adrian R\u0103dulescu, este cercetat penal \u00eentr-un dosar de \u00een\u015fel\u0103ciune. Fostul consilier preziden\u0163ial al lui Traian B\u0103sescu, Adrian R\u0103dulescu, este cercetat penal \u00eentr-un dosar de \u00een\u015fel\u0103ciune. \u00a0 R\u0103dulescu, \u00eempreun\u0103 cu alte dou\u0103 persoane, este acuzat c\u0103 a p\u0103c\u0103lit un medic veterinar stabilit \u00een Germania s\u0103 investeasc\u0103 40.000 de euro [&hellip;]<\/p>\n","protected":false},"author":1,"featured_media":0,"comment_status":"open","ping_status":"","sticky":false,"template":"","format":"standard","meta":{"footnotes":""},"categories":[2],"tags":[30],"class_list":["post-376870","post","type-post","status-publish","format-standard","hentry","category-politics","tag-observatornews-ro"],"_links":{"self":[{"href":"https:\/\/analyse.optim.biz\/index.php?rest_route=\/wp\/v2\/posts\/376870","targetHints":{"allow":["GET"]}}],"collection":[{"href":"https:\/\/analyse.optim.biz\/index.php?rest_route=\/wp\/v2\/posts"}],"about":[{"href":"https:\/\/analyse.optim.biz\/index.php?rest_route=\/wp\/v2\/types\/post"}],"author":[{"embeddable":true,"href":"https:\/\/analyse.optim.biz\/index.php?rest_route=\/wp\/v2\/users\/1"}],"replies":[{"embeddable":true,"href":"https:\/\/analyse.optim.biz\/index.php?rest_route=%2Fwp%2Fv2%2Fcomments&post=376870"}],"version-history":[{"count":0,"href":"https:\/\/analyse.optim.biz\/index.php?rest_route=\/wp\/v2\/posts\/376870\/revisions"}],"wp:attachment":[{"href":"https:\/\/analyse.optim.biz\/index.php?rest_route=%2Fwp%2Fv2%2Fmedia&parent=376870"}],"wp:term":[{"taxonomy":"category","embeddable":true,"href":"https:\/\/analyse.optim.biz\/index.php?rest_route=%2Fwp%2Fv2%2Fcategories&post=376870"},{"taxonomy":"post_tag","embeddable":true,"href":"https:\/\/analyse.optim.biz\/index.php?rest_route=%2Fwp%2Fv2%2Ftags&post=376870"}],"curies":[{"name":"wp","href":"https:\/\/api.w.org\/{rel}","templated":true}]}}