{"id":376783,"date":"2015-09-09T13:06:00","date_gmt":"2015-09-09T10:06:00","guid":{"rendered":"https:\/\/analyse.optim.biz\/?p=376783"},"modified":"2015-09-09T13:06:00","modified_gmt":"2015-09-09T10:06:00","slug":"ponta-ne-dorim-ca-la-1-iulie-2016-salariul-minim-sa-fie-1-300-de-lei-iar-la-1-ianuarie-2017-1-400","status":"publish","type":"post","link":"https:\/\/analyse.optim.biz\/?p=376783","title":{"rendered":"Ponta: Ne dorim ca la 1 iulie 2016 salariul minim s\u0103 fie 1.300 de lei, iar la 1 ianuarie 2017 &#8211; 1.400"},"content":{"rendered":"<div class=\"description\" data-key=\"description\">Premierul Victor Ponta a anun\u021bat miercuri c\u0103 Guvernul are pentru anul viitor o strategie de cre\u0219tere semestrial\u0103 a salariului minim, acesta urm\u00e2nd s\u0103 ajung\u0103 la 1 ianuarie 2017 la 1.400 de lei<\/div>\n<div class=\"articleBody\" data-key=\"articleBody\">Premierul Victor Ponta a anun\u021bat miercuri c\u0103 Guvernul are pentru anul viitor o strategie de cre\u0219tere semestrial\u0103 a salariului minim, acesta urm\u00e2nd s\u0103 ajung\u0103 la 1 ianuarie 2017 la 1.400 de lei<br \/>\n&#8220;\u00cen strategia noastr\u0103 ar urma s\u0103 mergem \u00een pa\u0219i semestriali, a\u0219a cum am mers \u0219i p\u00e2n\u0103 acum, c\u0103 se pare c\u0103 au fost mai simplu de absorbit \u0219i de c\u0103tre sectorul public \u0219i de c\u0103tre sectorul privat, pentru c\u0103 se aplic\u0103 la toat\u0103 lumea. La 1 ianuarie 2016 avem b\u0103tut \u00een cuie, adoptat, sigur va fi 1.200 (salariul minim \u2014 n.r.) \u0219i ne-am dori la 1 iulie \u2014 1.300 de lei, 1 ianuarie 2017 \u2014 1.400 de lei. \u0218tiu c\u0103 propunerea dvs e 1.500, dac\u0103 nu m\u0103 \u00een\u0219el, dar cred c\u0103 e sustenabil \u0219i pentru bugetari \u0219i pentru sectorul privat o cre\u0219tere semestrial\u0103 astfel \u00eenc\u00e2t la 1 ianuarie 2017 s\u0103 fim la 1.400 de lei salariul minim pe economie&#8221;, a spus Ponta la o \u00eent\u00e2lnire a Consiliului Na\u021bional Tripartit pentru Dialog Social.<br \/>\nPremierul a precizat \u00eens\u0103 c\u0103 datele pe care le-a prezentat sindicatelor sunt &#8220;neoficiale&#8221; \u0219i \u00eenc\u0103 &#8220;neb\u0103tute \u00een cuie&#8221;.<\/div>\n<p> Source URL: https:\/\/observatornews.ro\/politic\/ponta-ne-dorim-ca-la-1-iulie-2016-salariul-minim-sa-fie-1300-de-lei-iar-la-1-ianuarie-2017-1400-161060.html<\/p>\n","protected":false},"excerpt":{"rendered":"<p>Premierul Victor Ponta a anun\u021bat miercuri c\u0103 Guvernul are pentru anul viitor o strategie de cre\u0219tere semestrial\u0103 a salariului minim, acesta urm\u00e2nd s\u0103 ajung\u0103 la 1 ianuarie 2017 la 1.400 de lei Premierul Victor Ponta a anun\u021bat miercuri c\u0103 Guvernul are pentru anul viitor o strategie de cre\u0219tere semestrial\u0103 a salariului minim, acesta urm\u00e2nd s\u0103 [&hellip;]<\/p>\n","protected":false},"author":1,"featured_media":376784,"comment_status":"open","ping_status":"","sticky":false,"template":"","format":"standard","meta":{"footnotes":""},"categories":[2],"tags":[30],"class_list":["post-376783","post","type-post","status-publish","format-standard","has-post-thumbnail","hentry","category-politics","tag-observatornews-ro"],"_links":{"self":[{"href":"https:\/\/analyse.optim.biz\/index.php?rest_route=\/wp\/v2\/posts\/376783","targetHints":{"allow":["GET"]}}],"collection":[{"href":"https:\/\/analyse.optim.biz\/index.php?rest_route=\/wp\/v2\/posts"}],"about":[{"href":"https:\/\/analyse.optim.biz\/index.php?rest_route=\/wp\/v2\/types\/post"}],"author":[{"embeddable":true,"href":"https:\/\/analyse.optim.biz\/index.php?rest_route=\/wp\/v2\/users\/1"}],"replies":[{"embeddable":true,"href":"https:\/\/analyse.optim.biz\/index.php?rest_route=%2Fwp%2Fv2%2Fcomments&post=376783"}],"version-history":[{"count":0,"href":"https:\/\/analyse.optim.biz\/index.php?rest_route=\/wp\/v2\/posts\/376783\/revisions"}],"wp:featuredmedia":[{"embeddable":true,"href":"https:\/\/analyse.optim.biz\/index.php?rest_route=\/wp\/v2\/media\/376784"}],"wp:attachment":[{"href":"https:\/\/analyse.optim.biz\/index.php?rest_route=%2Fwp%2Fv2%2Fmedia&parent=376783"}],"wp:term":[{"taxonomy":"category","embeddable":true,"href":"https:\/\/analyse.optim.biz\/index.php?rest_route=%2Fwp%2Fv2%2Fcategories&post=376783"},{"taxonomy":"post_tag","embeddable":true,"href":"https:\/\/analyse.optim.biz\/index.php?rest_route=%2Fwp%2Fv2%2Ftags&post=376783"}],"curies":[{"name":"wp","href":"https:\/\/api.w.org\/{rel}","templated":true}]}}