{"id":376781,"date":"2015-09-09T15:14:00","date_gmt":"2015-09-09T12:14:00","guid":{"rendered":"https:\/\/analyse.optim.biz\/?p=376781"},"modified":"2015-09-09T15:14:00","modified_gmt":"2015-09-09T12:14:00","slug":"contestatia-lui-sorin-oprescu-se-judeca-pe-14-septembrie","status":"publish","type":"post","link":"https:\/\/analyse.optim.biz\/?p=376781","title":{"rendered":"Contesta\u021bia lui Sorin Oprescu se judec\u0103 pe 14 septembrie"},"content":{"rendered":"<div class=\"description\" data-key=\"description\">Curtea de Apel Bucure\u0219ti va judeca pe 14 septembrie contesta\u021bia primarului Capitalei, Sorin Oprescu, la decizia instan\u021bei de a-l aresta preventiv, \u00eentr-un dosar \u00een care este acuzat de DNA de luare de mit\u0103<\/div>\n<div class=\"articleBody\" data-key=\"articleBody\">Curtea de Apel Bucure\u0219ti va judeca pe 14 septembrie contesta\u021bia primarului Capitalei, Sorin Oprescu, la decizia instan\u021bei de a-l aresta preventiv, \u00eentr-un dosar \u00een care este acuzat de DNA de luare de mit\u0103<br \/>\nPe 7 septembrie, magistra\u021bii Tribunalului Bucure\u0219ti au admis propunerea DNA de arestare preventiv\u0103 a lui Sorin Oprescu, \u00eens\u0103 decizia nu este definitiv\u0103, iar primarul a f\u0103cut contesta\u021bie.<br \/>\nSorin Oprescu a fost re\u021binut \u00een noaptea de s\u00e2mb\u0103t\u0103 spre duminic\u0103, pentru s\u0103v\u00e2r\u0219irea infrac\u021biunii de luare de mit\u0103.<br \/>\n\u00cen acela\u0219i dosar, au fost re\u021binu\u021bi Mircea Octavian Constantinescu, director \u00een cadrul Prim\u0103riei Municipiului Bucure\u0219ti; fostul \u0219ofer al primarului, Stanca Cristian, zis Grenad\u0103, \u0219efii Centrului Cultural &#8221;Palatele Br\u00e2ncovene\u0219ti&#8221;, Florin \u0218upeal\u0103 \u0219i Ruxandra Petroi Avasiloae, precum \u0219i omul de afaceri Claudiu Bengalici.<br \/>\nUlterior, ace\u0219tia au primit \u0219i ei mandate de arestare preventiv\u0103.<br \/>\nDe asemenea, Bogdan Popa, director al Administra\u021biei Cimitirelor \u0219i Crematoriilor Umane, \u0219i Romeo Albu au fost plasa\u021bi \u00een arest la domiciliu.<\/div>\n<p> Source URL: https:\/\/observatornews.ro\/politic\/contestaia-lui-sorin-oprescu-se-judeca-pe-14-septembrie-161073.html<\/p>\n","protected":false},"excerpt":{"rendered":"<p>Curtea de Apel Bucure\u0219ti va judeca pe 14 septembrie contesta\u021bia primarului Capitalei, Sorin Oprescu, la decizia instan\u021bei de a-l aresta preventiv, \u00eentr-un dosar \u00een care este acuzat de DNA de luare de mit\u0103 Curtea de Apel Bucure\u0219ti va judeca pe 14 septembrie contesta\u021bia primarului Capitalei, Sorin Oprescu, la decizia instan\u021bei de a-l aresta preventiv, \u00eentr-un [&hellip;]<\/p>\n","protected":false},"author":1,"featured_media":376782,"comment_status":"open","ping_status":"","sticky":false,"template":"","format":"standard","meta":{"footnotes":""},"categories":[2],"tags":[30],"class_list":["post-376781","post","type-post","status-publish","format-standard","has-post-thumbnail","hentry","category-politics","tag-observatornews-ro"],"_links":{"self":[{"href":"https:\/\/analyse.optim.biz\/index.php?rest_route=\/wp\/v2\/posts\/376781","targetHints":{"allow":["GET"]}}],"collection":[{"href":"https:\/\/analyse.optim.biz\/index.php?rest_route=\/wp\/v2\/posts"}],"about":[{"href":"https:\/\/analyse.optim.biz\/index.php?rest_route=\/wp\/v2\/types\/post"}],"author":[{"embeddable":true,"href":"https:\/\/analyse.optim.biz\/index.php?rest_route=\/wp\/v2\/users\/1"}],"replies":[{"embeddable":true,"href":"https:\/\/analyse.optim.biz\/index.php?rest_route=%2Fwp%2Fv2%2Fcomments&post=376781"}],"version-history":[{"count":0,"href":"https:\/\/analyse.optim.biz\/index.php?rest_route=\/wp\/v2\/posts\/376781\/revisions"}],"wp:featuredmedia":[{"embeddable":true,"href":"https:\/\/analyse.optim.biz\/index.php?rest_route=\/wp\/v2\/media\/376782"}],"wp:attachment":[{"href":"https:\/\/analyse.optim.biz\/index.php?rest_route=%2Fwp%2Fv2%2Fmedia&parent=376781"}],"wp:term":[{"taxonomy":"category","embeddable":true,"href":"https:\/\/analyse.optim.biz\/index.php?rest_route=%2Fwp%2Fv2%2Fcategories&post=376781"},{"taxonomy":"post_tag","embeddable":true,"href":"https:\/\/analyse.optim.biz\/index.php?rest_route=%2Fwp%2Fv2%2Ftags&post=376781"}],"curies":[{"name":"wp","href":"https:\/\/api.w.org\/{rel}","templated":true}]}}