{"id":376729,"date":"2015-09-10T09:44:00","date_gmt":"2015-09-10T06:44:00","guid":{"rendered":"https:\/\/analyse.optim.biz\/?p=376729"},"modified":"2015-09-10T09:44:00","modified_gmt":"2015-09-10T06:44:00","slug":"proiect-de-lege-inchisoare-de-la-6-luni-la-3-ani-pentru-cei-care-neaga-crimele-comunismului","status":"publish","type":"post","link":"https:\/\/analyse.optim.biz\/?p=376729","title":{"rendered":"Proiect de lege: \u00cenchisoare de la 6 luni la 3 ani pentru cei care neag\u0103 crimele comunismului"},"content":{"rendered":"<div class=\"description\" data-key=\"description\">Persoanele care neag\u0103 crimele comunismului risc\u0103 \u00eenchisoare de la 6 luni la 3 ani, \u00een timp ce ini\u0163ierea \u015fi aderarea la organiza\u0163ii cu carater comunist ar urma s\u0103 fie pedepsit\u0103 cu \u00eenchisoare de la 3 la 10 ani, potrivit unei propuneri legislative ini\u0163iate de senatorul independent Valeriu Todira\u015fcu<\/div>\n<div class=\"articleBody\" data-key=\"articleBody\">Persoanele care neag\u0103 crimele comunismului risc\u0103 \u00eenchisoare de la 6 luni la 3 ani, \u00een timp ce ini\u0163ierea \u015fi aderarea la organiza\u0163ii cu carater comunist ar urma s\u0103 fie pedepsit\u0103 cu \u00eenchisoare de la 3 la 10 ani, potrivit unei propuneri legislative ini\u0163iate de senatorul independent Valeriu Todira\u015fcu<br \/>\nValeriu Todira\u0219cu a depus la Senat proiectul de lege privind interzicerea organiza\u0163iilor, simbolurilor \u015fi faptelor cu caracter comunist \u015fi a promov\u0103rii cultului persoanelor vinovate de s\u0103v\u00e2r\u015firea unor infrac\u0163iuni de genocid contra umanit\u0103\u0163ii \u015fi de crime de r\u0103zboi, argument\u00e2nd c\u0103, de\u015fi comunismul a fost condamnat &#8220;ferm&#8221; de pre\u015fedinte, \u00een 18 decembrie 2006, \u00een fa\u0163a Camerelor reunite ale Parlamentului, raportul prezentat de \u015fef statului nu a produs niciun fel de efecte juridice.<br \/>\n&#8220;P\u00e2n\u0103 acum, aceast\u0103 condamnare nu a avut \u015fi consecin\u0163e juridice. Doar de cur\u00e2nd s-au deschis procese penale \u00eempotriva unor criminali ai regimului comunist, procese ce nu s-au finalizat, \u00eenc\u0103, cu hot\u0103r\u00e2ri definitive. Un alt regim criminal, cel fascist, face obiectul unei legi a statului rom\u00e2n prin OUG nr.31\/2002, actualizat\u0103 prin Legea nr. 217\/2015, care prive\u015fte interzicerea organiza\u0163iilor, simbolurilor \u015fi faptelor cu caracter fascist, legionar, rasist sau xenofob \u015fi a promov\u0103rii cultului persoanelor vinovate de s\u0103v\u00e2r\u015firea unor infrac\u0163iuni de genocid contra umanit\u0103\u0163ii \u015fi de crime de r\u0103zboi&#8221;, se arat\u0103 \u00een expunerea de motive, potrivit Mediafax.<br \/>\nSenatorul spune c\u0103 ideologia comunist\u0103 nu este mai pu\u0163in condamnabil\u0103 dec\u00e2t fascismul, astfel \u00eenc\u00e2t se impune un tratament juridic egal.<br \/>\n&#8220;Ideologia \u015fi crimele comunismului nu sunt mai pu\u0163in condamnabile dec\u00e2t cele ale fascismului. Legisla\u0163ia rom\u00e2n\u0103 trebuie s\u0103 prevad\u0103 m\u0103suri asem\u0103n\u0103toare celor adoptate \u00eempotriva idelolgiei fasciste, pentru a evita, \u00een \u0163ara noastr\u0103, propaganda comunist\u0103 \u015fi reapari\u0163ia unor organiza\u0163ii de tip comunist. \u00cen acest scop, se promoveaz\u0103 prezentul proiect legislativ, av\u00e2nd ca model Ordonan\u0163a de urgen\u0163\u0103 nr. 31 din 13 martie 2002, actualizat\u0103 prin LEGEA nr. 217 din 23 iulie 2015\u201d, arat\u0103 senatorul Valeriu Todira\u015fcu, \u00een proiectul de lege depus la Senatul Rom\u00e2niei.<br \/>\nPotrivit ini\u0163iativei legislative, cei care neag\u0103, contest\u0103, aprob\u0103, justific\u0103 sau minimalizeaz\u0103, \u00een mod evident, prin orice mijloace, \u00een public, crimele comunismului ori a efectele acestuia vor fi pedepsi\u0163i cu \u00eenchisoare de la 6 luni la 3 ani sau cu amend\u0103.<br \/>\nTodira\u015fcu mai propune ca promovarea, &#8220;\u00een public, a cultului persoanelor vinovate de s\u0103v\u00e2r\u015firea unor infrac\u0163iuni de genocid contra umanit\u0103\u0163ii \u015fi de crime de r\u0103zboi, precum \u015fi fapta de a promova, \u00een public, idei, concep\u0163ii sau doctrine comuniste (&#8230;)&#8221; s\u0103 fie pedepsit\u0103 cu \u00eenchisoare de la 3 luni la 3 ani \u015fi interzicerea unor drepturi&#8221;.<br \/>\nPedepsele sunt mai aspre pentru cei care ini\u0163iaz\u0103 sau constituie organiza\u0163ii cu caracter comunist, aderarea sau sprijinirea, sub orice form\u0103, a unui astfel de grup, infrac\u0163iune care ar trebui s\u0103 se pedepseasc\u0103, \u00een opinia ini\u0163iatorului, cu \u00eenchisoare de la 3 la 10 ani \u015fi interzicerea unor drepturi.<\/div>\n<p> Source URL: https:\/\/observatornews.ro\/politic\/proiect-de-lege-inchisoare-de-la-6-luni-la-3-ani-pentru-cei-care-neaga-crimele-comunismului-161126.html<\/p>\n","protected":false},"excerpt":{"rendered":"<p>Persoanele care neag\u0103 crimele comunismului risc\u0103 \u00eenchisoare de la 6 luni la 3 ani, \u00een timp ce ini\u0163ierea \u015fi aderarea la organiza\u0163ii cu carater comunist ar urma s\u0103 fie pedepsit\u0103 cu \u00eenchisoare de la 3 la 10 ani, potrivit unei propuneri legislative ini\u0163iate de senatorul independent Valeriu Todira\u015fcu Persoanele care neag\u0103 crimele comunismului risc\u0103 \u00eenchisoare [&hellip;]<\/p>\n","protected":false},"author":1,"featured_media":0,"comment_status":"open","ping_status":"","sticky":false,"template":"","format":"standard","meta":{"footnotes":""},"categories":[2],"tags":[30],"class_list":["post-376729","post","type-post","status-publish","format-standard","hentry","category-politics","tag-observatornews-ro"],"_links":{"self":[{"href":"https:\/\/analyse.optim.biz\/index.php?rest_route=\/wp\/v2\/posts\/376729","targetHints":{"allow":["GET"]}}],"collection":[{"href":"https:\/\/analyse.optim.biz\/index.php?rest_route=\/wp\/v2\/posts"}],"about":[{"href":"https:\/\/analyse.optim.biz\/index.php?rest_route=\/wp\/v2\/types\/post"}],"author":[{"embeddable":true,"href":"https:\/\/analyse.optim.biz\/index.php?rest_route=\/wp\/v2\/users\/1"}],"replies":[{"embeddable":true,"href":"https:\/\/analyse.optim.biz\/index.php?rest_route=%2Fwp%2Fv2%2Fcomments&post=376729"}],"version-history":[{"count":0,"href":"https:\/\/analyse.optim.biz\/index.php?rest_route=\/wp\/v2\/posts\/376729\/revisions"}],"wp:attachment":[{"href":"https:\/\/analyse.optim.biz\/index.php?rest_route=%2Fwp%2Fv2%2Fmedia&parent=376729"}],"wp:term":[{"taxonomy":"category","embeddable":true,"href":"https:\/\/analyse.optim.biz\/index.php?rest_route=%2Fwp%2Fv2%2Fcategories&post=376729"},{"taxonomy":"post_tag","embeddable":true,"href":"https:\/\/analyse.optim.biz\/index.php?rest_route=%2Fwp%2Fv2%2Ftags&post=376729"}],"curies":[{"name":"wp","href":"https:\/\/api.w.org\/{rel}","templated":true}]}}