{"id":376728,"date":"2015-09-10T11:07:00","date_gmt":"2015-09-10T08:07:00","guid":{"rendered":"https:\/\/analyse.optim.biz\/?p=376728"},"modified":"2015-09-10T11:07:00","modified_gmt":"2015-09-10T08:07:00","slug":"iohannis-mandatul-ministrului-de-interne-la-consiliul-jai-este-sa-nu-declare-adeziunea-pentru-cotele-obligatorii-de-imigranti","status":"publish","type":"post","link":"https:\/\/analyse.optim.biz\/?p=376728","title":{"rendered":"Iohannis: Mandatul ministrului de Interne la Consiliul JAI este s\u0103 nu declare adeziunea pentru cotele obligatorii de imigran\u021bi"},"content":{"rendered":"<div class=\"description\" data-key=\"description\">Mandatul ministrului de Interne la Consiliul JAI, care se va reuni \u00een 14 septembrie, este s\u0103 nu declare adeziunea Rom\u00e2niei pentru cotele obligatorii de imigran\u021bi, a declarat joi pre\u0219edintele Rom\u00e2niei, Klaus Iohannis, care \u0219i-a exprimat nemul\u021bumirea fa\u021b\u0103 de anun\u021bul Comisiei Europene referitor la introducerea unor cote obligatorii pentru statele membre<\/div>\n<div class=\"articleBody\" data-key=\"articleBody\">Mandatul ministrului de Interne la Consiliul JAI, care se va reuni \u00een 14 septembrie, este s\u0103 nu declare adeziunea Rom\u00e2niei pentru cotele obligatorii de imigran\u021bi, a declarat joi pre\u0219edintele Rom\u00e2niei, Klaus Iohannis, care \u0219i-a exprimat nemul\u021bumirea fa\u021b\u0103 de anun\u021bul Comisiei Europene referitor la introducerea unor cote obligatorii pentru statele membre<br \/>\n&#8220;Am luat act cu oarece nemul\u021bumire de acest proiect prezentat \u00een Parlamentul European, faptul c\u0103 din partea Comisiei s-a lucrat pe un proiect destul de birocratic care a fost prezentat Dup\u0103 p\u0103rerea mea nu va duce spre o solu\u021bionare, Oricum avem de-a face cu un proiect care prevede \u0219i detalii care poate n-ar fi fost necesare \u00een aceast\u0103 fac\u0103 a num\u0103rului de imigran\u021bi care vor putea fi repartiza\u021bi \u00een diferite state. Luni, \u00een 14 septembrie, se va reuni \u00een \u0219edin\u021ba extraordinar\u0103 Consiliul JAI, unde se va lua \u00een discu\u021bie aceast\u0103 chestiune. Din partea Rom\u00e2niei va participa ministrul de Interne, cu care am avut o discu\u021bie \u00een aceast\u0103 diminea\u021b\u0103, iar mandatul ministrului de Interne la conferin\u021ba JAI este s\u0103 nu declare adeziunea noastr\u0103 pentru cotele obligatorii&#8221;, a precizat \u0219eful statului, la Palatul Cotroceni.<br \/>\n\u00centrebat dac\u0103 Rom\u00e2nia nu prime\u0219te sub nicio form\u0103 mai mul\u021bi refugia\u021bi dec\u00e2t 1.785 de persoane, pre\u0219edintele Iohannis a ar\u0103tat c\u0103 aici nu vorbim de cifre. &#8220;Aici nu vorbim de cifre. E vorba de oameni \u0219i nu de piese care trebuie num\u0103rate, vorbim de imigran\u021bii care vin in Europa. \u00cen al doilea r\u00e2nd, vorbim de o solidaritate pe care Rom\u00e2nia \u0219i-a declarat-o nu doar prin vorbe, ci \u0219i prin oferte de a primi un num\u0103r mare pentru noi de refugia\u021bi, ceea ce nu consider\u0103m c\u0103 este o solu\u021bie \u0219i nu cred c\u0103 este oportun s\u0103 vorbim de cote obligatorii calculate \u00eentr-un mod foarte birocratic contabilice\u0219te a\u0219 putea spune, f\u0103r\u0103 a consulta statele membre&#8221;, a argumentat acesta.<br \/>\nRom\u00e2nia ar urma s\u0103 preia 4.646 dintre cei 120.000 de noi refugia\u021bi afla\u021bi \u00een Italia, Grecia \u0219i Ungaria, potrivit schemei de redistribuire de urgen\u021b\u0103 a refugia\u021bilor \u00eentre statele membre ale Uniunii Europene, care face parte dintr-un plan \u00een \u0219apte puncte pentru solu\u021bionarea crizei refugia\u021bilor cu care se confrunt\u0103 Uniunea European\u0103, relev\u0103 un comunicat al Comisiei Europene dat publicit\u0103\u021bii miercuri la Strasbourg.<br \/>\n\u00cen luna mai, Rom\u00e2niei \u00eei mai fusese alocat\u0103 o cot\u0103 de 1.705 refugia\u021bi din prima tran\u0219\u0103 de refugia\u021bi de 40.000, afla\u021bi pe teritoriul Italiei \u0219i Greciei.<br \/>\nPrimul punct al planului, reprezentat de mecanismul de relocare de urgen\u021b\u0103 a refugia\u021bilor, prevede c\u0103 dintre cei 4.646 de refugia\u021bi ce ar urma s\u0103 ajung\u0103 \u00een Rom\u00e2nia, 604 se afl\u0103 \u00een Italia, 1.951 \u00een Grecia \u0219i 2.091 \u00een Ungaria.<br \/>\nM\u0103surile de redistribuire de urgen\u021b\u0103 a celor 120.000 de refugia\u021bi (din care 54.000 se afl\u0103 \u00een Ungaria, 50.400 \u00een Grecia \u0219i 15.500 \u00een Italia) ar urma s\u0103 reduc\u0103 presiunea de pe cele trei \u021b\u0103ri afectate \u0219i, \u00een acela\u0219i timp, vor ajuta statele membre confruntate cu un num\u0103r mare de solicit\u0103ri de azil s\u0103 proceseze mai rapid cererile respective. <\/div>\n<p> Source URL: https:\/\/observatornews.ro\/politic\/iohannis-mandatul-ministrului-de-interne-la-consiliul-jai-este-sa-nu-declare-adeziunea-pentru-cotele-obligatorii-de-imigrani-161138.html<\/p>\n","protected":false},"excerpt":{"rendered":"<p>Mandatul ministrului de Interne la Consiliul JAI, care se va reuni \u00een 14 septembrie, este s\u0103 nu declare adeziunea Rom\u00e2niei pentru cotele obligatorii de imigran\u021bi, a declarat joi pre\u0219edintele Rom\u00e2niei, Klaus Iohannis, care \u0219i-a exprimat nemul\u021bumirea fa\u021b\u0103 de anun\u021bul Comisiei Europene referitor la introducerea unor cote obligatorii pentru statele membre Mandatul ministrului de Interne la [&hellip;]<\/p>\n","protected":false},"author":1,"featured_media":0,"comment_status":"open","ping_status":"","sticky":false,"template":"","format":"standard","meta":{"footnotes":""},"categories":[2],"tags":[30],"class_list":["post-376728","post","type-post","status-publish","format-standard","hentry","category-politics","tag-observatornews-ro"],"_links":{"self":[{"href":"https:\/\/analyse.optim.biz\/index.php?rest_route=\/wp\/v2\/posts\/376728","targetHints":{"allow":["GET"]}}],"collection":[{"href":"https:\/\/analyse.optim.biz\/index.php?rest_route=\/wp\/v2\/posts"}],"about":[{"href":"https:\/\/analyse.optim.biz\/index.php?rest_route=\/wp\/v2\/types\/post"}],"author":[{"embeddable":true,"href":"https:\/\/analyse.optim.biz\/index.php?rest_route=\/wp\/v2\/users\/1"}],"replies":[{"embeddable":true,"href":"https:\/\/analyse.optim.biz\/index.php?rest_route=%2Fwp%2Fv2%2Fcomments&post=376728"}],"version-history":[{"count":0,"href":"https:\/\/analyse.optim.biz\/index.php?rest_route=\/wp\/v2\/posts\/376728\/revisions"}],"wp:attachment":[{"href":"https:\/\/analyse.optim.biz\/index.php?rest_route=%2Fwp%2Fv2%2Fmedia&parent=376728"}],"wp:term":[{"taxonomy":"category","embeddable":true,"href":"https:\/\/analyse.optim.biz\/index.php?rest_route=%2Fwp%2Fv2%2Fcategories&post=376728"},{"taxonomy":"post_tag","embeddable":true,"href":"https:\/\/analyse.optim.biz\/index.php?rest_route=%2Fwp%2Fv2%2Ftags&post=376728"}],"curies":[{"name":"wp","href":"https:\/\/api.w.org\/{rel}","templated":true}]}}