{"id":376724,"date":"2015-09-10T14:40:00","date_gmt":"2015-09-10T11:40:00","guid":{"rendered":"https:\/\/analyse.optim.biz\/?p=376724"},"modified":"2015-09-10T14:40:00","modified_gmt":"2015-09-10T11:40:00","slug":"aurescu-propunerile-comisiei-europene-sunt-doar-propuneri-nu-am-vazut-mentionandu-se-sanctiuni","status":"publish","type":"post","link":"https:\/\/analyse.optim.biz\/?p=376724","title":{"rendered":"Aurescu: Propunerile Comisiei Europene sunt doar propuneri. Nu am v\u0103zut men\u021bion\u00e2ndu-se sanc\u021biuni"},"content":{"rendered":"<div class=\"description\" data-key=\"description\">Ministrul de Externe, Bogdan Aurescu, sus\u021bine c\u0103 propunerile Comisiei Europene privind cotele de imigran\u021bi sunt doar propuneri asupra c\u0103rora convin, prin negociere, statele membre ale Uniunii Europene<\/div>\n<div class=\"articleBody\" data-key=\"articleBody\">Ministrul de Externe, Bogdan Aurescu, sus\u021bine c\u0103 propunerile Comisiei Europene privind cotele de imigran\u021bi sunt doar propuneri asupra c\u0103rora convin, prin negociere, statele membre ale Uniunii Europene<br \/>\nPotrivit acestuia, Comisia European\u0103 nu a stabilit impunerea de sanc\u021biuni pentru acele state membre care se afl\u0103 \u00een imposibilitatea de a prelua, temporar, refugia\u021bi pe teritoriul lor.<br \/>\n&#8220;Propunerile Comisiei sunt doar propuneri. Ele sunt negociate, discutate, se convine asupra lor de c\u0103tre statele membre. Primul pas \u00een acest proces de negociere este pe 14 septembrie, la Consiliul extraordinar JAI. Este important de subliniat din perspectiva Rom\u00e2niei, a\u0219a cum spunea \u0219i primul-ministru, c\u0103 un stat nu poate s\u0103 primeasc\u0103 mai mult dec\u00e2t are capacitatea respectiv\u0103 de a primi \u0219i de a integra social din aceste cifre de refugia\u021bi. (&#8230;)<br \/>\nEu nu am v\u0103zut \u00een planul Comisiei Europene sau \u00een discursul pre\u0219edintelui Comisiei men\u021bion\u00e2ndu-se sanc\u021biuni. Exist\u0103 o idee \u00een planul care a fost \u00eenaintat ieri, ca statele care nu pot prelua momentan, este vorba de o perioad\u0103 indicat\u0103 de 12 luni, refugia\u021bi pe teritoriul lor din motive obiective, s\u0103 pl\u0103teasc\u0103 o compensa\u021bie financiar\u0103 de 0,002% din PIB. Dar \u0219i acest element este supus negocierii statelor membre&#8221;, a declarat ministrul, joi, dup\u0103 \u00eent\u00e2lnirea cu membrii Comisiei pentru afaceri europene din Senat.<br \/>\nPotrivit lui Aurescu, \u00een Consiliul JAI se va realiza, \u00een primul r\u00e2nd, o expunere a pozi\u021biilor na\u021bionale ale tuturor statelor membre, iar Rom\u00e2nia va prezenta o pozi\u021bie consolidat\u0103, bazat\u0103 pe mandatul formulat de c\u0103tre Consiliul Suprem de Ap\u0103rare a \u021a\u0103rii (CSAT).<br \/>\n&#8220;Evident, (vor fi discutate \u2014 n.r.) toate aspectele, nu doar cele referitoare la cote, dar \u0219i tratarea problemei refugia\u021bilor \u00een \u021b\u0103rile de surs\u0103, asisten\u021ba care va fi acordat\u0103 acestor \u021b\u0103ri, tipurile de ac\u021biune care se vor desf\u0103\u0219ura. Nu putem s\u0103 spunem ipotetic ce se va \u00eent\u00e2mpla. Trebuie s\u0103 vedem ce se va \u00eent\u00e2mpla \u00een Consiliul JAI. (&#8230;) Analiza propunerilor pe care Comisia European\u0103 le-a f\u0103cut \u00een cursul zilei de ieri (miercuri \u2014 n.r.), at\u00e2t a celor care au fost incluse \u00een discursul pre\u0219edintelui Comisiei, c\u00e2t \u0219i cele care fac parte din pachetul care a fost \u00eenaintat spre luare \u00een considerare de c\u0103tre statele membre, urmeaz\u0103 s\u0103 reprezinte baza pentru mandatul care va fi stabilit de c\u0103tre CSAT. Prin urmare, este vorba despre o pozi\u021bie consolidat\u0103 a statului rom\u00e2n&#8221;, a explicat ministrul de Externe.<br \/>\nPre\u0219edintele Klaus Iohannis a declarat joi c\u0103 mandatul ministrului de Interne la Consiliul JAI, care se va reuni \u00een 14 septembrie, este s\u0103 nu declare adeziunea Rom\u00e2niei pentru cotele obligatorii de imigran\u021bi, acesta exprim\u00e2ndu-\u0219i nemul\u021bumirea fa\u021b\u0103 de anun\u021bul Comisiei Europene referitor la introducerea unor cote obligatorii pentru statele membre.<br \/>\nRom\u00e2nia ar urma s\u0103 preia 4.646 dintre cei 120.000 de noi refugia\u021bi afla\u021bi \u00een Italia, Grecia \u0219i Ungaria, potrivit schemei de redistribuire de urgen\u021b\u0103 a refugia\u021bilor \u00eentre statele membre ale Uniunii Europene, care face parte dintr-un plan \u00een \u0219apte puncte pentru solu\u021bionarea crizei refugia\u021bilor cu care se confrunt\u0103 UE, relev\u0103 un comunicat al Comisiei Europene dat publicit\u0103\u021bii miercuri la Strasbourg.<br \/>\n\u00cen luna mai, Rom\u00e2niei \u00eei mai fusese alocat\u0103 o cot\u0103 de 1.705 refugia\u021bi din prima tran\u0219\u0103 de refugia\u021bi de 40.000, afla\u021bi pe teritoriul Italiei \u0219i Greciei.<br \/>\nPrimul punct al planului, reprezentat de mecanismul de relocare de urgen\u021b\u0103 a refugia\u021bilor, prevede c\u0103 dintre cei 4.646 de refugia\u021bi ce ar urma s\u0103 ajung\u0103 \u00een Rom\u00e2nia 604 se afl\u0103 \u00een Italia, 1.951 \u00een Grecia \u0219i 2.091 \u00een Ungaria.<br \/>\nM\u0103surile de redistribuire de urgen\u021b\u0103 a celor 120.000 de refugia\u021bi (din care 54.000 se afl\u0103 \u00een Ungaria, 50.400 \u00een Grecia \u0219i 15.500 \u00een Italia) ar urma s\u0103 reduc\u0103 presiunea de pe cele trei \u021b\u0103ri afectate \u0219i, \u00een acela\u0219i timp, vor ajuta statele membre confruntate cu un num\u0103r mare de solicit\u0103ri de azil s\u0103 proceseze mai rapid cererile respective. <\/div>\n<p> Source URL: https:\/\/observatornews.ro\/politic\/aurescu-propunerile-comisiei-europene-sunt-doar-propuneri-nu-am-vazut-menionanduse-sanciuni-161159.html<\/p>\n","protected":false},"excerpt":{"rendered":"<p>Ministrul de Externe, Bogdan Aurescu, sus\u021bine c\u0103 propunerile Comisiei Europene privind cotele de imigran\u021bi sunt doar propuneri asupra c\u0103rora convin, prin negociere, statele membre ale Uniunii Europene Ministrul de Externe, Bogdan Aurescu, sus\u021bine c\u0103 propunerile Comisiei Europene privind cotele de imigran\u021bi sunt doar propuneri asupra c\u0103rora convin, prin negociere, statele membre ale Uniunii Europene Potrivit [&hellip;]<\/p>\n","protected":false},"author":1,"featured_media":376725,"comment_status":"open","ping_status":"","sticky":false,"template":"","format":"standard","meta":{"footnotes":""},"categories":[2],"tags":[30],"class_list":["post-376724","post","type-post","status-publish","format-standard","has-post-thumbnail","hentry","category-politics","tag-observatornews-ro"],"_links":{"self":[{"href":"https:\/\/analyse.optim.biz\/index.php?rest_route=\/wp\/v2\/posts\/376724","targetHints":{"allow":["GET"]}}],"collection":[{"href":"https:\/\/analyse.optim.biz\/index.php?rest_route=\/wp\/v2\/posts"}],"about":[{"href":"https:\/\/analyse.optim.biz\/index.php?rest_route=\/wp\/v2\/types\/post"}],"author":[{"embeddable":true,"href":"https:\/\/analyse.optim.biz\/index.php?rest_route=\/wp\/v2\/users\/1"}],"replies":[{"embeddable":true,"href":"https:\/\/analyse.optim.biz\/index.php?rest_route=%2Fwp%2Fv2%2Fcomments&post=376724"}],"version-history":[{"count":0,"href":"https:\/\/analyse.optim.biz\/index.php?rest_route=\/wp\/v2\/posts\/376724\/revisions"}],"wp:featuredmedia":[{"embeddable":true,"href":"https:\/\/analyse.optim.biz\/index.php?rest_route=\/wp\/v2\/media\/376725"}],"wp:attachment":[{"href":"https:\/\/analyse.optim.biz\/index.php?rest_route=%2Fwp%2Fv2%2Fmedia&parent=376724"}],"wp:term":[{"taxonomy":"category","embeddable":true,"href":"https:\/\/analyse.optim.biz\/index.php?rest_route=%2Fwp%2Fv2%2Fcategories&post=376724"},{"taxonomy":"post_tag","embeddable":true,"href":"https:\/\/analyse.optim.biz\/index.php?rest_route=%2Fwp%2Fv2%2Ftags&post=376724"}],"curies":[{"name":"wp","href":"https:\/\/api.w.org\/{rel}","templated":true}]}}