{"id":376515,"date":"2015-09-16T08:57:00","date_gmt":"2015-09-16T05:57:00","guid":{"rendered":"https:\/\/analyse.optim.biz\/?p=376515"},"modified":"2015-09-16T08:57:00","modified_gmt":"2015-09-16T05:57:00","slug":"iohannis-imi-doresc-un-parlament-puternic","status":"publish","type":"post","link":"https:\/\/analyse.optim.biz\/?p=376515","title":{"rendered":"Iohannis: \u00cemi doresc un Parlament puternic"},"content":{"rendered":"<div class=\"description\" data-key=\"description\">Pre\u0219edintele Klaus Iohannis a declarat miercuri \u00een plenul Legislativului c\u0103 \u00ee\u0219i dore\u0219te un Parlament puternic, care s\u0103 se bucure de \u00eencrederea cet\u0103\u021benilor.<\/div>\n<div class=\"articleBody\" data-key=\"articleBody\">\u00a0Pre\u0219edintele Klaus Iohannis a declarat miercuri \u00een plenul Legislativului c\u0103 \u00ee\u0219i dore\u0219te un Parlament puternic, care s\u0103 se bucure de \u00eencrederea cet\u0103\u021benilor.<\/p>\n<p>El a spus c\u0103 nu poate concepe o Rom\u00e2nie puternic\u0103 f\u0103r\u0103 ca Legislativul s\u0103 fie puternic.<\/p>\n<p>&#8220;\u00cemi doresc un Parlament puternic \u0219i care s\u0103 se bucure de \u00eencrederea cet\u0103\u021benilor&#8221;, a spus Iohannis \u00een plenul Legislativului.<\/p>\n<p>Sursa: AGERPRES\n<\/p><\/div>\n<p> Source URL: https:\/\/observatornews.ro\/politic\/iohannis-imi-doresc-un-parlament-puternic-161554.html<\/p>\n","protected":false},"excerpt":{"rendered":"<p>Pre\u0219edintele Klaus Iohannis a declarat miercuri \u00een plenul Legislativului c\u0103 \u00ee\u0219i dore\u0219te un Parlament puternic, care s\u0103 se bucure de \u00eencrederea cet\u0103\u021benilor. \u00a0Pre\u0219edintele Klaus Iohannis a declarat miercuri \u00een plenul Legislativului c\u0103 \u00ee\u0219i dore\u0219te un Parlament puternic, care s\u0103 se bucure de \u00eencrederea cet\u0103\u021benilor. El a spus c\u0103 nu poate concepe o Rom\u00e2nie puternic\u0103 f\u0103r\u0103 [&hellip;]<\/p>\n","protected":false},"author":1,"featured_media":0,"comment_status":"open","ping_status":"","sticky":false,"template":"","format":"standard","meta":{"footnotes":""},"categories":[2],"tags":[30],"class_list":["post-376515","post","type-post","status-publish","format-standard","hentry","category-politics","tag-observatornews-ro"],"_links":{"self":[{"href":"https:\/\/analyse.optim.biz\/index.php?rest_route=\/wp\/v2\/posts\/376515","targetHints":{"allow":["GET"]}}],"collection":[{"href":"https:\/\/analyse.optim.biz\/index.php?rest_route=\/wp\/v2\/posts"}],"about":[{"href":"https:\/\/analyse.optim.biz\/index.php?rest_route=\/wp\/v2\/types\/post"}],"author":[{"embeddable":true,"href":"https:\/\/analyse.optim.biz\/index.php?rest_route=\/wp\/v2\/users\/1"}],"replies":[{"embeddable":true,"href":"https:\/\/analyse.optim.biz\/index.php?rest_route=%2Fwp%2Fv2%2Fcomments&post=376515"}],"version-history":[{"count":0,"href":"https:\/\/analyse.optim.biz\/index.php?rest_route=\/wp\/v2\/posts\/376515\/revisions"}],"wp:attachment":[{"href":"https:\/\/analyse.optim.biz\/index.php?rest_route=%2Fwp%2Fv2%2Fmedia&parent=376515"}],"wp:term":[{"taxonomy":"category","embeddable":true,"href":"https:\/\/analyse.optim.biz\/index.php?rest_route=%2Fwp%2Fv2%2Fcategories&post=376515"},{"taxonomy":"post_tag","embeddable":true,"href":"https:\/\/analyse.optim.biz\/index.php?rest_route=%2Fwp%2Fv2%2Ftags&post=376515"}],"curies":[{"name":"wp","href":"https:\/\/api.w.org\/{rel}","templated":true}]}}