{"id":376513,"date":"2015-09-16T09:55:00","date_gmt":"2015-09-16T06:55:00","guid":{"rendered":"https:\/\/analyse.optim.biz\/?p=376513"},"modified":"2015-09-16T09:55:00","modified_gmt":"2015-09-16T06:55:00","slug":"ponta-despre-criza-refugiatilor-si-pozitia-ungariei-nu-are-nicio-legatura-cu-ideea-de-europa","status":"publish","type":"post","link":"https:\/\/analyse.optim.biz\/?p=376513","title":{"rendered":"Ponta, despre criza refugia\u021bilor \u0219i pozi\u021bia Ungariei: Nu are nicio leg\u0103tur\u0103 cu ideea de Europa"},"content":{"rendered":"<div class=\"description\" data-key=\"description\">Premierul Victor Ponta a declarat miercuri c\u0103 statele membre ale Europei trebuie s\u0103 fie solidare \u00een problema refugia\u021bilor, lucru care din p\u0103cate, nu se \u00eent\u00e2mpl\u0103 \u00een cazul Ungariei.<\/div>\n<div class=\"articleBody\" data-key=\"articleBody\">\u00a0Premierul Victor Ponta a declarat miercuri c\u0103 statele membre ale Europei trebuie s\u0103 fie solidare \u00een problema refugia\u021bilor, lucru care din p\u0103cate, nu se \u00eent\u00e2mpl\u0103 \u00een cazul Ungariei.<br \/>\n&#8220;Rom\u00e2nia este o \u021bar\u0103 ce a dorit s\u0103 fie membru al Uniunii Europene pentru a respecta valorile europene. Problema refugia\u021bilor este o problem\u0103 a Europei \u0219i trebuie s\u0103 o rezolv\u0103m \u00eempreun\u0103. Din p\u0103cate, comportamentul oficialilor maghiari nu are nicio leg\u0103tur\u0103 cu ideea de Europa. Ziduri, c\u00e2ini, poli\u021bi\u0219ti, arme \u2014 asta arat\u0103 ca \u00een anii &#8217;30 \u00een Europa. E un lucru pe care \u00eel spun cam to\u021bi liderii europeni \u0219i, dac\u0103 se sup\u0103r\u0103 sau nu se sup\u0103r\u0103 oficialii maghiari, m\u0103 intereseaz\u0103 destul de pu\u021bin. M\u0103 al\u0103tur tuturor liderilor europeni care sanc\u021bioneaz\u0103 o atitudine ru\u0219inoas\u0103 pentru Europa din partea autorit\u0103\u021bilor \u0219i politicienilor dintr-o \u021bar\u0103 membr\u0103 a UE \u0219i anume Ungaria \u0219i voi face acest lucru de c\u00e2te ori va fi cazul&#8221;, a afirmat Ponta, la Palatul Parlamentului.<br \/>\nEl a ad\u0103ugat c\u0103 &#8220;ar fi o idee rea&#8221; ridicarea de c\u0103tre Ungaria a unui gard la grani\u021ba cu Rom\u00e2nia.<br \/>\n&#8220;Realitatea este una singur\u0103 \u0219i anume garduri, c\u00e2ini, arme \u0219i? Am rezolvat problema refugia\u021bilor? Nu am rezolvat-o. Ideea c\u0103 pui un gard \u0219i arunci problema \u00een Serbia, \u00een Rom\u00e2nia, \u00een Croa\u021bia, \u00een Austria nu are nicio leg\u0103tur\u0103 cu ideea de solidaritate \u0219i de bun\u0103 vecin\u0103tate. A\u0219a putem \u0219i noi s\u0103 arunc\u0103m problemele la unguri. \u0218i ce am rezolvat?&#8221;, a spus premierul.<br \/>\nSursa: AGERPRES<\/div>\n<p> Source URL: https:\/\/observatornews.ro\/politic\/ponta-despre-criza-refugiailor-i-poziia-ungariei-nu-are-nicio-legatura-cu-ideea-de-europa-161558.html<\/p>\n","protected":false},"excerpt":{"rendered":"<p>Premierul Victor Ponta a declarat miercuri c\u0103 statele membre ale Europei trebuie s\u0103 fie solidare \u00een problema refugia\u021bilor, lucru care din p\u0103cate, nu se \u00eent\u00e2mpl\u0103 \u00een cazul Ungariei. \u00a0Premierul Victor Ponta a declarat miercuri c\u0103 statele membre ale Europei trebuie s\u0103 fie solidare \u00een problema refugia\u021bilor, lucru care din p\u0103cate, nu se \u00eent\u00e2mpl\u0103 \u00een cazul [&hellip;]<\/p>\n","protected":false},"author":1,"featured_media":0,"comment_status":"open","ping_status":"","sticky":false,"template":"","format":"standard","meta":{"footnotes":""},"categories":[2],"tags":[30],"class_list":["post-376513","post","type-post","status-publish","format-standard","hentry","category-politics","tag-observatornews-ro"],"_links":{"self":[{"href":"https:\/\/analyse.optim.biz\/index.php?rest_route=\/wp\/v2\/posts\/376513","targetHints":{"allow":["GET"]}}],"collection":[{"href":"https:\/\/analyse.optim.biz\/index.php?rest_route=\/wp\/v2\/posts"}],"about":[{"href":"https:\/\/analyse.optim.biz\/index.php?rest_route=\/wp\/v2\/types\/post"}],"author":[{"embeddable":true,"href":"https:\/\/analyse.optim.biz\/index.php?rest_route=\/wp\/v2\/users\/1"}],"replies":[{"embeddable":true,"href":"https:\/\/analyse.optim.biz\/index.php?rest_route=%2Fwp%2Fv2%2Fcomments&post=376513"}],"version-history":[{"count":0,"href":"https:\/\/analyse.optim.biz\/index.php?rest_route=\/wp\/v2\/posts\/376513\/revisions"}],"wp:attachment":[{"href":"https:\/\/analyse.optim.biz\/index.php?rest_route=%2Fwp%2Fv2%2Fmedia&parent=376513"}],"wp:term":[{"taxonomy":"category","embeddable":true,"href":"https:\/\/analyse.optim.biz\/index.php?rest_route=%2Fwp%2Fv2%2Fcategories&post=376513"},{"taxonomy":"post_tag","embeddable":true,"href":"https:\/\/analyse.optim.biz\/index.php?rest_route=%2Fwp%2Fv2%2Ftags&post=376513"}],"curies":[{"name":"wp","href":"https:\/\/api.w.org\/{rel}","templated":true}]}}