{"id":376239,"date":"2015-09-23T06:46:00","date_gmt":"2015-09-23T03:46:00","guid":{"rendered":"https:\/\/analyse.optim.biz\/?p=376239"},"modified":"2015-09-23T06:46:00","modified_gmt":"2015-09-23T03:46:00","slug":"sorin-oprescu-transferat-din-arest-la-spitalul-militar","status":"publish","type":"post","link":"https:\/\/analyse.optim.biz\/?p=376239","title":{"rendered":"Sorin Oprescu, transferat din arest la Spitalul Militar"},"content":{"rendered":"<div class=\"description\" data-key=\"description\">Sorin Oprescu va fi transferat din arestul Capitalei la Spitalul Militar<\/div>\n<div class=\"articleBody\" data-key=\"articleBody\">Sorin Oprescu va fi transferat din arestul Capitalei, dup\u0103 ce solicitatarea primarului suspendat a fost admis\u0103, \u00eens\u0103 nu va fi dus la Spitalul Universitar, pentru a fi consultat de medicii s\u0103i curan\u0163i, pentru probleme cardiace, a\u015fa cum solicitase, ci la Spitalul Militar.<br \/>\nComisia de la Arestul Central al Poli\u0163iei Capitalei i-a admis cererea de a fi consultat de cardiologi, dup\u0103 ce \u00een ultimele zile a acuzat probleme medicale, dar speciali\u015ftii care au analizat solicitarea au recomandat ca acesta s\u0103 fie dus la Spitalul Militar.<br \/>\nSorin Oprescu ceruse s\u0103 fie consultat la Spitalul Universitar de Urgen\u0163\u0103 Bucure\u015fti, de trei dintre medicii s\u0103i curan\u0163i, pentru probleme cardiace, printre ace\u015ftia fiind profesor dr. Drago\u015f Vinereanu \u015fi profesor dr. Leonida Gherasim.<br \/>\nViorel Mocanu, unul dintre avoca\u0163ii primarului suspendat al Bucure\u015ftiului, a anun\u0163at, mar\u0163i, c\u0103 ap\u0103rarea a solicitat \u00een mod expres, printr-o cerere depus\u0103 la Arestul Capitalei, ca Sorin Oprescu s\u0103 fie dus la Spitalul Universitar Municipal pentru consult.<br \/>\nEl a precizat c\u0103 ap\u0103rarea nu a cerut \u00eenlocuirea arestului preventiv cu o alt\u0103 m\u0103sur\u0103 invoc\u00e2nd probleme medicale.<\/p>\n<p>\u00cen ceea ce prive\u015fte termenul la care trebuie s\u0103 primeasc\u0103 un r\u0103spuns privind controlul medical la spitalul cerut, Mocanu a spus c\u0103 &#8221;este o ambiguitate&#8221;.<\/p><\/div>\n<p> Source URL: https:\/\/observatornews.ro\/politic\/sorin-oprescu-transferat-din-arest-la-spitalul-militar-162128.html<\/p>\n","protected":false},"excerpt":{"rendered":"<p>Sorin Oprescu va fi transferat din arestul Capitalei la Spitalul Militar Sorin Oprescu va fi transferat din arestul Capitalei, dup\u0103 ce solicitatarea primarului suspendat a fost admis\u0103, \u00eens\u0103 nu va fi dus la Spitalul Universitar, pentru a fi consultat de medicii s\u0103i curan\u0163i, pentru probleme cardiace, a\u015fa cum solicitase, ci la Spitalul Militar. Comisia de [&hellip;]<\/p>\n","protected":false},"author":1,"featured_media":0,"comment_status":"open","ping_status":"","sticky":false,"template":"","format":"standard","meta":{"footnotes":""},"categories":[2],"tags":[30],"class_list":["post-376239","post","type-post","status-publish","format-standard","hentry","category-politics","tag-observatornews-ro"],"_links":{"self":[{"href":"https:\/\/analyse.optim.biz\/index.php?rest_route=\/wp\/v2\/posts\/376239","targetHints":{"allow":["GET"]}}],"collection":[{"href":"https:\/\/analyse.optim.biz\/index.php?rest_route=\/wp\/v2\/posts"}],"about":[{"href":"https:\/\/analyse.optim.biz\/index.php?rest_route=\/wp\/v2\/types\/post"}],"author":[{"embeddable":true,"href":"https:\/\/analyse.optim.biz\/index.php?rest_route=\/wp\/v2\/users\/1"}],"replies":[{"embeddable":true,"href":"https:\/\/analyse.optim.biz\/index.php?rest_route=%2Fwp%2Fv2%2Fcomments&post=376239"}],"version-history":[{"count":0,"href":"https:\/\/analyse.optim.biz\/index.php?rest_route=\/wp\/v2\/posts\/376239\/revisions"}],"wp:attachment":[{"href":"https:\/\/analyse.optim.biz\/index.php?rest_route=%2Fwp%2Fv2%2Fmedia&parent=376239"}],"wp:term":[{"taxonomy":"category","embeddable":true,"href":"https:\/\/analyse.optim.biz\/index.php?rest_route=%2Fwp%2Fv2%2Fcategories&post=376239"},{"taxonomy":"post_tag","embeddable":true,"href":"https:\/\/analyse.optim.biz\/index.php?rest_route=%2Fwp%2Fv2%2Ftags&post=376239"}],"curies":[{"name":"wp","href":"https:\/\/api.w.org\/{rel}","templated":true}]}}