{"id":376237,"date":"2015-09-23T07:54:00","date_gmt":"2015-09-23T04:54:00","guid":{"rendered":"https:\/\/analyse.optim.biz\/?p=376237"},"modified":"2015-09-23T07:54:00","modified_gmt":"2015-09-23T04:54:00","slug":"marian-oprisan-robert-negoita-este-candidatul-pnl-la-conducerea-psd","status":"publish","type":"post","link":"https:\/\/analyse.optim.biz\/?p=376237","title":{"rendered":"Marian Opri\u0219an: Robert Negoi\u021b\u0103 este candidatul PNL la conducerea PSD"},"content":{"rendered":"<div class=\"description\" data-key=\"description\">Pre\u0219edintele CJ Vrancea, Marian Opri\u0219an, liderul jude\u021bean al social-democra\u021bilor, a ironizat, miercuri, anun\u021bul f\u0103cut de pre\u0219edintele PSD Bucure\u0219ti, Robert Negoi\u021b\u0103, de a se \u00eenscrie \u00een cursa pentru func\u021bia suprem\u0103 \u00een partid.<\/div>\n<div class=\"articleBody\" data-key=\"articleBody\">Pre\u0219edintele CJ Vrancea, Marian Opri\u0219an, liderul jude\u021bean al social-democra\u021bilor, a ironizat, miercuri, anun\u021bul f\u0103cut de pre\u0219edintele PSD Bucure\u0219ti, Robert Negoi\u021b\u0103, de a se \u00eenscrie \u00een cursa pentru func\u021bia suprem\u0103 \u00een partid.<br \/>\n&#8221;Robert Negoi\u021b\u0103 este candidatul PNL la conducerea PSD. Este un g\u00e2nditor de dreapta, \u00eembr\u0103cat \u00een haine social-democrate&#8221;, a declarat, \u00een exclusivitate pentru AGERPRES, Marian Opri\u0219an.<br \/>\nEl \u0219i-a argumentat pozi\u021bia referitoare la Robert Negoi\u021b\u0103 prin &#8221;contactele avute \u00een ultimele luni&#8221; de acesta, precum \u0219i prin &#8221;pozi\u021biile declarative adoptate \u00een privin\u021ba politicilor ce ar urma s\u0103 fie implementate \u00een Rom\u00e2nia&#8221;.<br \/>\nPre\u0219edintele PSD Bucure\u0219ti, Robert Negoi\u021b\u0103, primar al sectorului 3, a anun\u021bat mar\u021bi c\u0103 va candida pentru \u0219efia forma\u021biunii la viitorul congres.<br \/>\n&#8220;Sunt decis s\u0103 candidez pentru func\u021bia de pre\u0219edinte al PSD la scrutinul din 11 octombrie, pe care l-am stabilit ieri \u00een Comitetul Executiv&#8221;, a afirmat Robert Negoi\u021b\u0103, la sediul PSD.<br \/>\nEl a precizat c\u0103 i-a comunicat actualului lider interimar al PSD, Liviu Dragnea, inten\u021bia sa de a candida.<br \/>\n&#8220;Nu-l deranjeaz\u0103, ne respect\u0103m reciproc \u0219i competi\u021bia nu face altceva dec\u00e2t s\u0103 stimuleze. Am o rela\u021bie foarte bun\u0103 cu Liviu Dragnea, \u00eel respect pentru tot ce a f\u0103cut \u0219i pentru tot ce este. D\u00e2nsul nu \u0219i-a anun\u021bat candidatura, eu am f\u0103cut-o&#8221;, a ad\u0103ugat pre\u0219edintele PSD Bucure\u0219ti. <\/div>\n<p> Source URL: https:\/\/observatornews.ro\/politic\/marian-oprian-robert-negoia-este-candidatul-pnl-la-conducerea-psd-162133.html<\/p>\n","protected":false},"excerpt":{"rendered":"<p>Pre\u0219edintele CJ Vrancea, Marian Opri\u0219an, liderul jude\u021bean al social-democra\u021bilor, a ironizat, miercuri, anun\u021bul f\u0103cut de pre\u0219edintele PSD Bucure\u0219ti, Robert Negoi\u021b\u0103, de a se \u00eenscrie \u00een cursa pentru func\u021bia suprem\u0103 \u00een partid. Pre\u0219edintele CJ Vrancea, Marian Opri\u0219an, liderul jude\u021bean al social-democra\u021bilor, a ironizat, miercuri, anun\u021bul f\u0103cut de pre\u0219edintele PSD Bucure\u0219ti, Robert Negoi\u021b\u0103, de a se \u00eenscrie [&hellip;]<\/p>\n","protected":false},"author":1,"featured_media":0,"comment_status":"open","ping_status":"","sticky":false,"template":"","format":"standard","meta":{"footnotes":""},"categories":[2],"tags":[30],"class_list":["post-376237","post","type-post","status-publish","format-standard","hentry","category-politics","tag-observatornews-ro"],"_links":{"self":[{"href":"https:\/\/analyse.optim.biz\/index.php?rest_route=\/wp\/v2\/posts\/376237","targetHints":{"allow":["GET"]}}],"collection":[{"href":"https:\/\/analyse.optim.biz\/index.php?rest_route=\/wp\/v2\/posts"}],"about":[{"href":"https:\/\/analyse.optim.biz\/index.php?rest_route=\/wp\/v2\/types\/post"}],"author":[{"embeddable":true,"href":"https:\/\/analyse.optim.biz\/index.php?rest_route=\/wp\/v2\/users\/1"}],"replies":[{"embeddable":true,"href":"https:\/\/analyse.optim.biz\/index.php?rest_route=%2Fwp%2Fv2%2Fcomments&post=376237"}],"version-history":[{"count":0,"href":"https:\/\/analyse.optim.biz\/index.php?rest_route=\/wp\/v2\/posts\/376237\/revisions"}],"wp:attachment":[{"href":"https:\/\/analyse.optim.biz\/index.php?rest_route=%2Fwp%2Fv2%2Fmedia&parent=376237"}],"wp:term":[{"taxonomy":"category","embeddable":true,"href":"https:\/\/analyse.optim.biz\/index.php?rest_route=%2Fwp%2Fv2%2Fcategories&post=376237"},{"taxonomy":"post_tag","embeddable":true,"href":"https:\/\/analyse.optim.biz\/index.php?rest_route=%2Fwp%2Fv2%2Ftags&post=376237"}],"curies":[{"name":"wp","href":"https:\/\/api.w.org\/{rel}","templated":true}]}}